{"id":19375,"date":"2025-07-16T10:18:08","date_gmt":"2025-07-16T08:18:08","guid":{"rendered":"https:\/\/entretormentas.com\/?p=19375"},"modified":"2025-07-16T10:18:09","modified_gmt":"2025-07-16T08:18:09","slug":"posicion-maduro-considera-al-gobierno-de-netanyahu-como-la-mayor-amenaza-contra-la-humanidad","status":"publish","type":"post","link":"https:\/\/entretormentas.com\/posicion-maduro-considera-al-gobierno-de-netanyahu-como-la-mayor-amenaza-contra-la-humanidad\/","title":{"rendered":"\u00a1POSICI\u00d3N! Maduro considera al Gobierno de Netanyahu como \u00abla mayor amenaza contra la humanidad\u00bb"},"content":{"rendered":"\n<p><strong>ENTRE TORMENTAS.<\/strong> El presidente Nicol\u00e1s Maduro se\u00f1al\u00f3 este martes al Gobierno del primer ministro israel\u00ed, Benjam\u00edn Netanyahu, como \u00abla mayor amenaza contra la humanidad\u00bb, por lo que salud\u00f3 \u00abcon esperanza y respeto\u00bb la reuni\u00f3n del Grupo de La Haya que se celebra en Bogot\u00e1 convocada para discutir medidas jur\u00eddicas y diplom\u00e1ticas ante la ofensiva de Israel en Gaza.<\/p>\n\n\n\n<p>En una carta dirigida \u00aba los pueblos del mundo\u00bb y, de manera particular, a los presidentes de Colombia y Sud\u00e1frica, Gustavo Petro y Cyril Ramaphosa, respectivamente, Maduro asegur\u00f3 que el encuentro convocado por Bogot\u00e1 y Pretoria \u00abrepresenta una respuesta moral y pol\u00edtica imprescindible en un momento en que la humanidad entera es interpelada por el horror y la impunidad\u00bb.<\/p>\n\n\n\n<p>\u00abElevamos nuestra voz con firmeza, conmovida por el sufrimiento del pueblo palestino y profundamente indignada ante la pasividad del mundo frente al mayor crimen de la historia contempor\u00e1nea: el genocidio en curso contra Palestina\u00bb, expres\u00f3.<\/p>\n\n\n\n<p><strong>DENUNCIA DE GENOCIDIO EN PALESTINA<\/strong><br>Al respecto, el l\u00edder oficialista dijo que se trata de \u00abun plan sistem\u00e1tico de destrucci\u00f3n de un pueblo, de erradicaci\u00f3n de su identidad, de borrado de su memoria\u00bb, as\u00ed como \u00abun crimen contra la humanidad, sostenido por el flujo constante de armas, dinero, tecnolog\u00edas de vigilancia y protecci\u00f3n diplom\u00e1tica que provienen de las potencias occidentales\u00bb, rese\u00f1a EFE.<\/p>\n\n\n\n<p>\u00abEl r\u00e9gimen de Netanyahu, bajo el control de una \u00e9lite sionista que ha hecho de la guerra y del racismo una doctrina de Estado, se ha convertido en la mayor amenaza contra la humanidad\u00bb, afirm\u00f3.<\/p>\n\n\n\n<figure class=\"wp-block-image size-large\"><img fetchpriority=\"high\" decoding=\"async\" width=\"1024\" height=\"576\" src=\"https:\/\/entretormentas.com\/wp-content\/uploads\/2025\/07\/israel2-1024x576.jpg\" alt=\"\" class=\"wp-image-19376\" srcset=\"https:\/\/entretormentas.com\/wp-content\/uploads\/2025\/07\/israel2-1024x576.jpg 1024w, https:\/\/entretormentas.com\/wp-content\/uploads\/2025\/07\/israel2-300x169.jpg 300w, https:\/\/entretormentas.com\/wp-content\/uploads\/2025\/07\/israel2-768x432.jpg 768w, https:\/\/entretormentas.com\/wp-content\/uploads\/2025\/07\/israel2-1536x864.jpg 1536w, https:\/\/entretormentas.com\/wp-content\/uploads\/2025\/07\/israel2.jpg 1920w\" sizes=\"(max-width: 1024px) 100vw, 1024px\" \/><\/figure>\n\n\n\n<p>Para Maduro, \u00abcada bomba que cae sobre un hospital palestino, sobre una escuela, sobre una vivienda, no solo asesina vidas inocentes, tambi\u00e9n destruye los cimientos de la paz mundial, hiere la legalidad internacional y atenta contra el futuro mismo del sistema de Naciones Unidas\u00bb.<\/p>\n\n\n\n<p>\u00abLamentablemente, las instituciones creadas para proteger a la humanidad han claudicado. La Corte Internacional de Justicia y la Corte Penal Internacional se han comportado con una lentitud vergonzosa, cuando no con abierta complacencia. Estas instancias, que deber\u00edan hacer cumplir el derecho internacional y proteger a los pueblos agredidos, han sido colonizadas por los intereses de Occidente\u00bb, indic\u00f3.<\/p>\n\n\n\n<p><strong>CR\u00cdTICA A LA JUSTICIA INTERNACIONAL<\/strong><br>El jefe de Estado de Venezuela advirti\u00f3 que la Justicia internacional \u00abest\u00e1 secuestrada\u00bb y, en ese sentido, dijo que esta \u00abno puede seguir siendo utilizada como una herramienta de castigo contra los pa\u00edses soberanos del sur global mientras se otorgan privilegios de impunidad a quienes cometen cr\u00edmenes de lesa humanidad a gran escala\u00bb.<\/p>\n\n\n\n<p>En representaci\u00f3n de Caracas, viaj\u00f3 a Bogot\u00e1 el canciller Yv\u00e1n Gil, quien dijo esperar que en la cita se construya una \u00abrespuesta unificada y efectiva que detenga las atrocidades que Israel sigue cometiendo contra el pueblo palestino\u00bb.<\/p>\n\n\n\n<p>El Grupo de La Haya, creado en enero pasado por Bolivia, Colombia, Cuba, Honduras, Malasia, Namibia, Senegal y Sud\u00e1frica en respuesta a la grave crisis humanitaria en Gaza, se comprometi\u00f3, entre otras cosas, a hacer cumplir las \u00f3rdenes de arresto emitidas por la Corte Penal Internacional (CPI) contra Netanyahu por cr\u00edmenes de guerra.<br><strong><em>ET \/ Agencias<\/em><\/strong><\/p>\n\n\n\n<p><\/p>\n","protected":false},"excerpt":{"rendered":"<p>ENTRE TORMENTAS. El presidente Nicol\u00e1s Maduro se\u00f1al\u00f3 este martes al Gobierno del primer ministro israel\u00ed,&#8230;<\/p>\n","protected":false},"author":2,"featured_media":19377,"comment_status":"closed","ping_status":"open","sticky":false,"template":"","format":"standard","meta":{"footnotes":""},"categories":[56,49],"tags":[],"class_list":["post-19375","post","type-post","status-publish","format-standard","has-post-thumbnail","hentry","category-destacadas","category-nacionales"],"_links":{"self":[{"href":"https:\/\/entretormentas.com\/index.php?rest_route=\/wp\/v2\/posts\/19375","targetHints":{"allow":["GET"]}}],"collection":[{"href":"https:\/\/entretormentas.com\/index.php?rest_route=\/wp\/v2\/posts"}],"about":[{"href":"https:\/\/entretormentas.com\/index.php?rest_route=\/wp\/v2\/types\/post"}],"author":[{"embeddable":true,"href":"https:\/\/entretormentas.com\/index.php?rest_route=\/wp\/v2\/users\/2"}],"replies":[{"embeddable":true,"href":"https:\/\/entretormentas.com\/index.php?rest_route=%2Fwp%2Fv2%2Fcomments&post=19375"}],"version-history":[{"count":1,"href":"https:\/\/entretormentas.com\/index.php?rest_route=\/wp\/v2\/posts\/19375\/revisions"}],"predecessor-version":[{"id":19378,"href":"https:\/\/entretormentas.com\/index.php?rest_route=\/wp\/v2\/posts\/19375\/revisions\/19378"}],"wp:featuredmedia":[{"embeddable":true,"href":"https:\/\/entretormentas.com\/index.php?rest_route=\/wp\/v2\/media\/19377"}],"wp:attachment":[{"href":"https:\/\/entretormentas.com\/index.php?rest_route=%2Fwp%2Fv2%2Fmedia&parent=19375"}],"wp:term":[{"taxonomy":"category","embeddable":true,"href":"https:\/\/entretormentas.com\/index.php?rest_route=%2Fwp%2Fv2%2Fcategories&post=19375"},{"taxonomy":"post_tag","embeddable":true,"href":"https:\/\/entretormentas.com\/index.php?rest_route=%2Fwp%2Fv2%2Ftags&post=19375"}],"curies":[{"name":"wp","href":"https:\/\/api.w.org\/{rel}","templated":true}]}}