{"id":19389,"date":"2025-07-17T10:14:41","date_gmt":"2025-07-17T08:14:41","guid":{"rendered":"https:\/\/entretormentas.com\/?p=19389"},"modified":"2025-07-17T10:14:42","modified_gmt":"2025-07-17T08:14:42","slug":"van-58-desde-el-2023-alcaldia-de-maracaibo-inaugura-nueve-escuelitas-del-sol","status":"publish","type":"post","link":"https:\/\/entretormentas.com\/van-58-desde-el-2023-alcaldia-de-maracaibo-inaugura-nueve-escuelitas-del-sol\/","title":{"rendered":"\u00a1VAN 58 DESDE EL 2023! Alcald\u00eda de Maracaibo inaugura nueve Escuelitas del Sol"},"content":{"rendered":"\n<p><strong>ENTRE TORMENTAS.<\/strong> Desde este jueves 10 de julio el municipio cuenta con nueve nuevas Escuelitas del Sol que la Alcald\u00eda de Maracaibo, a trav\u00e9s de la Direcci\u00f3n General de Desarrollo Social y la Direcci\u00f3n de Educaci\u00f3n y Asuntos Universitarios (DEAU), inaugur\u00f3 en las parroquias Caracciolo Parra P\u00e9rez (8) y en Idelfonso V\u00e1squez (1).<\/p>\n\n\n\n<p>Y con estas nueve Escuelas del Sol, Maracaibo eleva a 58 el n\u00famero total de estos espacios educativos desde el inicio del programa en 2023, y a 32 inaugurados en los que va de 2025. Con esta expansi\u00f3n, ya son m\u00e1s de mil 200 ni\u00f1os, ni\u00f1as y adolescentes los beneficiados directamente por esta pol\u00edtica social.<\/p>\n\n\n\n<figure class=\"wp-block-image size-large\"><img fetchpriority=\"high\" decoding=\"async\" width=\"1024\" height=\"683\" src=\"https:\/\/entretormentas.com\/wp-content\/uploads\/2025\/07\/escuelitas2-1024x683.jpeg\" alt=\"\" class=\"wp-image-19390\" srcset=\"https:\/\/entretormentas.com\/wp-content\/uploads\/2025\/07\/escuelitas2-1024x683.jpeg 1024w, https:\/\/entretormentas.com\/wp-content\/uploads\/2025\/07\/escuelitas2-300x200.jpeg 300w, https:\/\/entretormentas.com\/wp-content\/uploads\/2025\/07\/escuelitas2-768x512.jpeg 768w, https:\/\/entretormentas.com\/wp-content\/uploads\/2025\/07\/escuelitas2.jpeg 1280w\" sizes=\"(max-width: 1024px) 100vw, 1024px\" \/><\/figure>\n\n\n\n<p>Las nuevas escuelitas inauguradas en la parroquia Caracciolo Parra P\u00e9rez son: Mi Refuerzo, Caritas Felices, Tareas Dirigidas, Equipos de \u00c9xitos, Yurbina, Nane, Arco\u00edris y Palmira. Por su parte, en la parroquia Idelfonso V\u00e1squez se abri\u00f3 la escuelita Rayitos del Sol.<\/p>\n\n\n\n<p>El programa garantiza que cada ni\u00f1o reciba su franela y kit escolar, que los identifica como parte del programa y les brinda herramientas esenciales para su formaci\u00f3n. Adem\u00e1s, de manera peri\u00f3dica, se desarrollan jornadas de atenci\u00f3n m\u00e9dico-educativa, donde equipos multidisciplinarios de la Direcci\u00f3n de Educaci\u00f3n y Asuntos Universitarios, junto al SAMAS, realizan evaluaciones de salud y seguimiento pedag\u00f3gico.<\/p>\n\n\n\n<p>\u00abEl programa Escuelitas del Sol es una muestra palpable del compromiso de la Alcald\u00eda con la educaci\u00f3n y el bienestar social. Estamos orgullosos de ver c\u00f3mo estos espacios fomentan el aprendizaje y la inclusi\u00f3n en nuestras comunidades m\u00e1s necesitadas\u00bb, destac\u00f3 Niskaly Bosc\u00e1n, directora adjunta de Educaci\u00f3n y Asuntos Universitarios.<\/p>\n\n\n\n<p>Sara Fern\u00e1ndez, directora general de Desarrollo Social, destac\u00f3 que desde el gobierno municipal se sigue apostando por la educaci\u00f3n como herramienta de transformaci\u00f3n. \u201cLas Escuelitas del Sol son una muestra de que, cuando se trabaja con amor, compromiso y organizaci\u00f3n comunitaria, los resultados se ven en los rostros felices de nuestros ni\u00f1os\u00bb, explic\u00f3.<\/p>\n\n\n\n<p>El impacto positivo del programa se refleja tambi\u00e9n en las voces de quienes lo viven d\u00eda a d\u00eda. Cira Mena, maestra de la escuelita Arco\u00edris, consider\u00f3 un orgullo trabajar en las Escuelitas del Sol. \u201cAqu\u00ed no solo ense\u00f1amos, tambi\u00e9n guiamos, escuchamos y damos amor. Estos ni\u00f1os merecen todas las oportunidades, y las Escuelitas del Sol les est\u00e1n abriendo un camino real hacia un futuro mejor\u00bb.<\/p>\n\n\n\n<figure class=\"wp-block-image size-large\"><img decoding=\"async\" width=\"1024\" height=\"683\" src=\"https:\/\/entretormentas.com\/wp-content\/uploads\/2025\/07\/escuelitas3-1024x683.jpeg\" alt=\"\" class=\"wp-image-19391\" srcset=\"https:\/\/entretormentas.com\/wp-content\/uploads\/2025\/07\/escuelitas3-1024x683.jpeg 1024w, https:\/\/entretormentas.com\/wp-content\/uploads\/2025\/07\/escuelitas3-300x200.jpeg 300w, https:\/\/entretormentas.com\/wp-content\/uploads\/2025\/07\/escuelitas3-768x512.jpeg 768w, https:\/\/entretormentas.com\/wp-content\/uploads\/2025\/07\/escuelitas3.jpeg 1280w\" sizes=\"(max-width: 1024px) 100vw, 1024px\" \/><\/figure>\n\n\n\n<p>Por su parte Damaris Molina, representante de la Escuelita del Sol, indic\u00f3 que los ni\u00f1os y ni\u00f1as desbordan de felicidad al recibir su kit escolar y su franela. \u201cEsto nos llena el coraz\u00f3n. Como comunidad nos sentimos apoyados y motivados a seguir construyendo espacios de aprendizaje. Mi Refuerzo es m\u00e1s que una escuelita, es una familia que crece con esperanza\u201d, destac\u00f3.<\/p>\n\n\n\n<p>\u00abHoy estamos muy felices por esta apertura. La escuelita Rayitos de Sol nace con mucho entusiasmo en Idelfonso V\u00e1squez, con ganas de ense\u00f1ar, de dar lo mejor a nuestros ni\u00f1os. Agradezco profundamente este programa porque ha sido un motor de esperanza para muchas familias de nuestra comunidad\u201d, se\u00f1al\u00f3 Mariana S\u00e1nchez, maestra encargada.<\/p>\n\n\n\n<p>Actualmente, solo faltan tres parroquias por Escuelitas del Sol en Maracaibo: Luis Hurtado Higuera, Cecilio Acosta y Chiquinquir\u00e1, lo que evidencia el avance y compromiso de la municipalidad para cubrir todas las zonas de la ciudad.<\/p>\n\n\n\n<p>La directora adjunta de Educaci\u00f3n y Asuntos Universitarios apunt\u00f3 que el compromiso es seguir ampliando este proyecto hasta cubrir cada rinc\u00f3n del municipio, para asegurar que ning\u00fan ni\u00f1o o ni\u00f1a quede sin la oportunidad de aprender, crecer y so\u00f1ar.<br><strong><em>ET \/ DCI Alcald\u00eda de Maracaibo<\/em><\/strong><\/p>\n\n\n\n<p><\/p>\n","protected":false},"excerpt":{"rendered":"<p>ENTRE TORMENTAS. Desde este jueves 10 de julio el municipio cuenta con nueve nuevas Escuelitas&#8230;<\/p>\n","protected":false},"author":2,"featured_media":19392,"comment_status":"closed","ping_status":"open","sticky":false,"template":"","format":"standard","meta":{"footnotes":""},"categories":[1],"tags":[],"class_list":["post-19389","post","type-post","status-publish","format-standard","has-post-thumbnail","hentry","category-regionales"],"_links":{"self":[{"href":"https:\/\/entretormentas.com\/index.php?rest_route=\/wp\/v2\/posts\/19389","targetHints":{"allow":["GET"]}}],"collection":[{"href":"https:\/\/entretormentas.com\/index.php?rest_route=\/wp\/v2\/posts"}],"about":[{"href":"https:\/\/entretormentas.com\/index.php?rest_route=\/wp\/v2\/types\/post"}],"author":[{"embeddable":true,"href":"https:\/\/entretormentas.com\/index.php?rest_route=\/wp\/v2\/users\/2"}],"replies":[{"embeddable":true,"href":"https:\/\/entretormentas.com\/index.php?rest_route=%2Fwp%2Fv2%2Fcomments&post=19389"}],"version-history":[{"count":1,"href":"https:\/\/entretormentas.com\/index.php?rest_route=\/wp\/v2\/posts\/19389\/revisions"}],"predecessor-version":[{"id":19393,"href":"https:\/\/entretormentas.com\/index.php?rest_route=\/wp\/v2\/posts\/19389\/revisions\/19393"}],"wp:featuredmedia":[{"embeddable":true,"href":"https:\/\/entretormentas.com\/index.php?rest_route=\/wp\/v2\/media\/19392"}],"wp:attachment":[{"href":"https:\/\/entretormentas.com\/index.php?rest_route=%2Fwp%2Fv2%2Fmedia&parent=19389"}],"wp:term":[{"taxonomy":"category","embeddable":true,"href":"https:\/\/entretormentas.com\/index.php?rest_route=%2Fwp%2Fv2%2Fcategories&post=19389"},{"taxonomy":"post_tag","embeddable":true,"href":"https:\/\/entretormentas.com\/index.php?rest_route=%2Fwp%2Fv2%2Ftags&post=19389"}],"curies":[{"name":"wp","href":"https:\/\/api.w.org\/{rel}","templated":true}]}}