{"id":19540,"date":"2025-07-19T11:03:25","date_gmt":"2025-07-19T09:03:25","guid":{"rendered":"https:\/\/entretormentas.com\/?p=19540"},"modified":"2025-07-19T11:03:25","modified_gmt":"2025-07-19T09:03:25","slug":"maduro-venezolanos-detenidos-en-el-salvador-fueron-salvajemente-torturados","status":"publish","type":"post","link":"https:\/\/entretormentas.com\/maduro-venezolanos-detenidos-en-el-salvador-fueron-salvajemente-torturados\/","title":{"rendered":"MADURO: Venezolanos detenidos en El Salvador fueron \u00absalvajemente torturados\u00bb"},"content":{"rendered":"\n<p><strong>ENTRE TORMENTAS.<\/strong> El presidente Nicol\u00e1s Maduro, al confirmar que estaban por llegar al Aeropuerto de Maiquet\u00eda, en dos vuelos desde El Salvador, los 252 venezolanos que estaban detenidos en ese pa\u00eds, afirm\u00f3 que los mismos fueron sometidos a torturas.<\/p>\n\n\n\n<p>\u00abLos primeros testimonios que han transmitido es que fueron salvajemente torturados en estos campos de concentraci\u00f3n. Traemos uno de ellos perdi\u00f3 un ri\u00f1\u00f3n por las palizas que le dieron\u00bb, asegur\u00f3 el Jefe de Estado durante el acto de inauguraci\u00f3n del congreso campesino.<\/p>\n\n\n\n<figure class=\"wp-block-image size-full\"><img fetchpriority=\"high\" decoding=\"async\" width=\"677\" height=\"374\" src=\"https:\/\/entretormentas.com\/wp-content\/uploads\/2025\/07\/madulibe2.jpeg\" alt=\"\" class=\"wp-image-19541\" srcset=\"https:\/\/entretormentas.com\/wp-content\/uploads\/2025\/07\/madulibe2.jpeg 677w, https:\/\/entretormentas.com\/wp-content\/uploads\/2025\/07\/madulibe2-300x166.jpeg 300w\" sizes=\"(max-width: 677px) 100vw, 677px\" \/><\/figure>\n\n\n\n<p>Indic\u00f3 que estos ciudadanos eran maltratados, que los hac\u00edan pasar hambre durante d\u00edas enteros y les pon\u00edan comida podrida.<\/p>\n\n\n\n<p>\u00abAs\u00ed que lo primero al llegar, hay un equipo especial de m\u00e9dicos para atenderlos y hacerles su chequeo m\u00e9dico completo y seguir en la senda de la lucha por la defensa de los migrantes\u00bb, expres\u00f3 el mandatario.<\/p>\n\n\n\n<p>Sobre los siete ni\u00f1os que llegaron previamente en un vuelo proveniente desde EEUU, detall\u00f3 que forman parte del grupo de 31 que fueron separados de sus padres y familiares en ese pa\u00eds y que ya est\u00e1 en conversaciones con el Gobierno norteamericano para devolverlos a Venezuela.<br><strong><em>ET \/ Agencias<\/em><\/strong><\/p>\n","protected":false},"excerpt":{"rendered":"<p>ENTRE TORMENTAS. El presidente Nicol\u00e1s Maduro, al confirmar que estaban por llegar al Aeropuerto de&#8230;<\/p>\n","protected":false},"author":2,"featured_media":19542,"comment_status":"closed","ping_status":"open","sticky":false,"template":"","format":"standard","meta":{"footnotes":""},"categories":[56,49],"tags":[],"class_list":["post-19540","post","type-post","status-publish","format-standard","has-post-thumbnail","hentry","category-destacadas","category-nacionales"],"_links":{"self":[{"href":"https:\/\/entretormentas.com\/index.php?rest_route=\/wp\/v2\/posts\/19540","targetHints":{"allow":["GET"]}}],"collection":[{"href":"https:\/\/entretormentas.com\/index.php?rest_route=\/wp\/v2\/posts"}],"about":[{"href":"https:\/\/entretormentas.com\/index.php?rest_route=\/wp\/v2\/types\/post"}],"author":[{"embeddable":true,"href":"https:\/\/entretormentas.com\/index.php?rest_route=\/wp\/v2\/users\/2"}],"replies":[{"embeddable":true,"href":"https:\/\/entretormentas.com\/index.php?rest_route=%2Fwp%2Fv2%2Fcomments&post=19540"}],"version-history":[{"count":1,"href":"https:\/\/entretormentas.com\/index.php?rest_route=\/wp\/v2\/posts\/19540\/revisions"}],"predecessor-version":[{"id":19543,"href":"https:\/\/entretormentas.com\/index.php?rest_route=\/wp\/v2\/posts\/19540\/revisions\/19543"}],"wp:featuredmedia":[{"embeddable":true,"href":"https:\/\/entretormentas.com\/index.php?rest_route=\/wp\/v2\/media\/19542"}],"wp:attachment":[{"href":"https:\/\/entretormentas.com\/index.php?rest_route=%2Fwp%2Fv2%2Fmedia&parent=19540"}],"wp:term":[{"taxonomy":"category","embeddable":true,"href":"https:\/\/entretormentas.com\/index.php?rest_route=%2Fwp%2Fv2%2Fcategories&post=19540"},{"taxonomy":"post_tag","embeddable":true,"href":"https:\/\/entretormentas.com\/index.php?rest_route=%2Fwp%2Fv2%2Ftags&post=19540"}],"curies":[{"name":"wp","href":"https:\/\/api.w.org\/{rel}","templated":true}]}}