{"id":19544,"date":"2025-07-19T11:07:19","date_gmt":"2025-07-19T09:07:19","guid":{"rendered":"https:\/\/entretormentas.com\/?p=19544"},"modified":"2025-07-19T11:07:19","modified_gmt":"2025-07-19T09:07:19","slug":"canje-confirmado-confirman-la-excarcelacion-de-opositores-entre-ellos-un-exdiputado","status":"publish","type":"post","link":"https:\/\/entretormentas.com\/canje-confirmado-confirman-la-excarcelacion-de-opositores-entre-ellos-un-exdiputado\/","title":{"rendered":"\u00a1CANJE CONFIRMADO! Confirman la excarcelaci\u00f3n de opositores, entre ellos un exdiputado"},"content":{"rendered":"\n<p><strong>ENTRE TORMENTAS.<\/strong> El Gobierno de Venezuela confirm\u00f3 este viernes la excarcelaci\u00f3n de un grupo de personas que, seg\u00fan partidos opositores y organizaciones no gubernamentales, estaban detenidas por motivos pol\u00edticos, entre ellos el exdiputado antichavista Williams D\u00e1vila, como parte de una negociaci\u00f3n en la que particip\u00f3 el expresidente del Gobierno espa\u00f1ol Jos\u00e9 Luis Rodr\u00edguez Zapatero.<\/p>\n\n\n\n<p>La excarcelaci\u00f3n de D\u00e1vila, detenido en agosto de 2024, fue el \u00fanico caso que precis\u00f3 el ministro de Interior, Diosdado Cabello, quien asegur\u00f3 no recordar qui\u00e9nes son los otros que \u00abya salieron\u00bb.<\/p>\n\n\n\n<figure class=\"wp-block-image size-full\"><img fetchpriority=\"high\" decoding=\"async\" width=\"1022\" height=\"909\" src=\"https:\/\/entretormentas.com\/wp-content\/uploads\/2025\/07\/liberados3-1.jpeg\" alt=\"\" class=\"wp-image-19545\" srcset=\"https:\/\/entretormentas.com\/wp-content\/uploads\/2025\/07\/liberados3-1.jpeg 1022w, https:\/\/entretormentas.com\/wp-content\/uploads\/2025\/07\/liberados3-1-300x267.jpeg 300w, https:\/\/entretormentas.com\/wp-content\/uploads\/2025\/07\/liberados3-1-768x683.jpeg 768w\" sizes=\"(max-width: 1022px) 100vw, 1022px\" \/><\/figure>\n\n\n\n<p>\u00abEso tiene que ver con una negociaci\u00f3n que se ha venido haciendo, ellos saben, ninguno de esos que est\u00e1n saliendo son unos ni\u00f1os de pecho, ninguno, y ellos saben de qu\u00e9 fueron acusados y saben por qu\u00e9 fueron acusados. Es una medida para buscar la paz y la tranquilidad\u00bb, expres\u00f3 el funcionario, cuyas declaraciones fueron transmitidas por el canal estatal Venezolana de Televisi\u00f3n (VTV).<\/p>\n\n\n\n<p>En ese sentido, agradeci\u00f3 a Rodr\u00edguez Zapatero por estar \u00absiempre pendiente de la paz y la tranquilidad de Venezuela y del di\u00e1logo como un ejercicio democr\u00e1tico\u00bb.<\/p>\n\n\n\n<p>Previamente, la Canciller\u00eda venezolana hab\u00eda informado que el sistema de Justicia del pa\u00eds caribe\u00f1o otorg\u00f3 \u00abmedidas alternativas a la privaci\u00f3n de libertad a un conjunto de ciudadanos venezolanos que permanec\u00eda detenidos, en el marco de un proceso penal seguido en su contra, por su participaci\u00f3n en la comisi\u00f3n de delitos comunes y contra el orden constitucional, previstos y sancionados en el ordenamiento jur\u00eddico nacional\u00bb.<\/p>\n\n\n\n<figure class=\"wp-block-image size-large\"><img decoding=\"async\" width=\"1024\" height=\"681\" src=\"https:\/\/entretormentas.com\/wp-content\/uploads\/2025\/07\/libe2-1024x681.jpeg\" alt=\"\" class=\"wp-image-19546\" srcset=\"https:\/\/entretormentas.com\/wp-content\/uploads\/2025\/07\/libe2-1024x681.jpeg 1024w, https:\/\/entretormentas.com\/wp-content\/uploads\/2025\/07\/libe2-300x200.jpeg 300w, https:\/\/entretormentas.com\/wp-content\/uploads\/2025\/07\/libe2-768x511.jpeg 768w, https:\/\/entretormentas.com\/wp-content\/uploads\/2025\/07\/libe2.jpeg 1040w\" sizes=\"(max-width: 1024px) 100vw, 1024px\" \/><\/figure>\n\n\n\n<p><strong>WILLIAM D\u00c1VILA LIBERADO<\/strong><br>Entretanto, William D\u00e1vila Valeri confirm\u00f3 la liberaci\u00f3n de su padre, el exdiputado Williams D\u00e1vila, y dijo esperar \u00abcon enorme emoci\u00f3n\u00bb el reencuentro familiar.<\/p>\n\n\n\n<p>\u00abAgradezco de coraz\u00f3n la solidaridad de tantos. Poco a poco espero agradecer, uno a uno, a quienes estuvieron siempre pendientes y dispuestos a ayudar en todo momento. Ahora nos tomaremos un tiempo como familia\u00bb, se\u00f1al\u00f3 en una publicaci\u00f3n en X.<\/p>\n\n\n\n<p>Por su parte, la ONG Comit\u00e9 por la Liberaci\u00f3n de los Presos Pol\u00edticos (Clipp) report\u00f3 la excarcelaci\u00f3n de al menos 14 personas que fueron detenidas tras la crisis postelectoral en el pa\u00eds caribe\u00f1o.<\/p>\n\n\n\n<p>A trav\u00e9s de una publicaci\u00f3n en X, el Clipp indic\u00f3 que 11 de los que recibieron medidas cautelares estaban detenidos en la c\u00e1rcel de Tocor\u00f3n, en el estado Aragua (norte).<\/p>\n\n\n\n<p>Igualmente, se\u00f1al\u00f3 que fueron liberados los activistas pol\u00edticos del partido antichavista Primero Justicia (PJ) Gregorio Graterol, Manuel Chiquito y Jos\u00e9 Granadillo, detenidos a finales de diciembre pasado en Punto Fijo, estado Falc\u00f3n (noroeste).<\/p>\n\n\n\n<p>Estas excarcelaciones se dan junto con el retorno a Venezuela de los 252 migrantes deportados por Estados Unidos a una c\u00e1rcel de m\u00e1xima seguridad de El Salvador en marzo pasado, adem\u00e1s del \u00abrescate\u00bb de siete de los 31 ni\u00f1os que, seg\u00fan denuncia el Gobierno de Maduro, est\u00e1n \u00absecuestrados\u00bb en el pa\u00eds norteamericano.<br><strong><em>ET \/ Agencias<\/em><\/strong><\/p>\n\n\n\n<p><\/p>\n","protected":false},"excerpt":{"rendered":"<p>ENTRE TORMENTAS. El Gobierno de Venezuela confirm\u00f3 este viernes la excarcelaci\u00f3n de un grupo de&#8230;<\/p>\n","protected":false},"author":2,"featured_media":19547,"comment_status":"closed","ping_status":"open","sticky":false,"template":"","format":"standard","meta":{"footnotes":""},"categories":[56,49],"tags":[],"class_list":["post-19544","post","type-post","status-publish","format-standard","has-post-thumbnail","hentry","category-destacadas","category-nacionales"],"_links":{"self":[{"href":"https:\/\/entretormentas.com\/index.php?rest_route=\/wp\/v2\/posts\/19544","targetHints":{"allow":["GET"]}}],"collection":[{"href":"https:\/\/entretormentas.com\/index.php?rest_route=\/wp\/v2\/posts"}],"about":[{"href":"https:\/\/entretormentas.com\/index.php?rest_route=\/wp\/v2\/types\/post"}],"author":[{"embeddable":true,"href":"https:\/\/entretormentas.com\/index.php?rest_route=\/wp\/v2\/users\/2"}],"replies":[{"embeddable":true,"href":"https:\/\/entretormentas.com\/index.php?rest_route=%2Fwp%2Fv2%2Fcomments&post=19544"}],"version-history":[{"count":1,"href":"https:\/\/entretormentas.com\/index.php?rest_route=\/wp\/v2\/posts\/19544\/revisions"}],"predecessor-version":[{"id":19548,"href":"https:\/\/entretormentas.com\/index.php?rest_route=\/wp\/v2\/posts\/19544\/revisions\/19548"}],"wp:featuredmedia":[{"embeddable":true,"href":"https:\/\/entretormentas.com\/index.php?rest_route=\/wp\/v2\/media\/19547"}],"wp:attachment":[{"href":"https:\/\/entretormentas.com\/index.php?rest_route=%2Fwp%2Fv2%2Fmedia&parent=19544"}],"wp:term":[{"taxonomy":"category","embeddable":true,"href":"https:\/\/entretormentas.com\/index.php?rest_route=%2Fwp%2Fv2%2Fcategories&post=19544"},{"taxonomy":"post_tag","embeddable":true,"href":"https:\/\/entretormentas.com\/index.php?rest_route=%2Fwp%2Fv2%2Ftags&post=19544"}],"curies":[{"name":"wp","href":"https:\/\/api.w.org\/{rel}","templated":true}]}}