{"id":19596,"date":"2025-07-20T15:08:14","date_gmt":"2025-07-20T13:08:14","guid":{"rendered":"https:\/\/entretormentas.com\/?p=19596"},"modified":"2025-07-20T15:08:14","modified_gmt":"2025-07-20T13:08:14","slug":"tras-canje-con-el-salvador-ong-confirma-la-excarcelacion-de-al-menos-28-presos-politicos-en-venezuela","status":"publish","type":"post","link":"https:\/\/entretormentas.com\/tras-canje-con-el-salvador-ong-confirma-la-excarcelacion-de-al-menos-28-presos-politicos-en-venezuela\/","title":{"rendered":"\u00a1TRAS CANJE CON EL SALVADOR! ONG confirma la excarcelaci\u00f3n de al menos 28 presos pol\u00edticos en Venezuela"},"content":{"rendered":"\n<p><strong>ENTRE TORMENTAS. <\/strong>Al menos 28 ciudadanos que, seg\u00fan allegados y oeneg\u00e9s, estaban detenidos en Venezuela por motivos pol\u00edticos, han sido liberados en las \u00faltimas horas, anunci\u00f3 una organizaci\u00f3n local que aboga por los derechos de estas personas.<\/p>\n\n\n\n<p>En un mensaje en X, el Comit\u00e9 por la Libertad de los Presos Pol\u00edticos (Clipp) inform\u00f3 que entre \u00ablos liberados con medidas cautelares\u00bb se encuentran personas detenidas en el contexto de la crisis posterior a las elecciones de julio de 2024, en las que el ente comicial adjudic\u00f3 la victoria al presidente Nicol\u00e1s Maduro en medio de los cuestionamientos de la oposici\u00f3n, y que estaban recluidas en la c\u00e1rcel de Tocor\u00f3n (estado Aragua, norte), en El Helicoide, en Caracas, \u00aby otros centros de detenci\u00f3n\u00bb.<\/p>\n\n\n\n<p>Dicha organizaci\u00f3n detall\u00f3 que 20 personas fueron excarceladas en Tocor\u00f3n.<\/p>\n\n\n\n<figure class=\"wp-block-image size-full\"><img fetchpriority=\"high\" decoding=\"async\" width=\"350\" height=\"250\" src=\"https:\/\/entretormentas.com\/wp-content\/uploads\/2025\/07\/libe1.jpeg\" alt=\"\" class=\"wp-image-19547\" srcset=\"https:\/\/entretormentas.com\/wp-content\/uploads\/2025\/07\/libe1.jpeg 350w, https:\/\/entretormentas.com\/wp-content\/uploads\/2025\/07\/libe1-300x214.jpeg 300w\" sizes=\"(max-width: 350px) 100vw, 350px\" \/><\/figure>\n\n\n\n<p>Otros siete hombres, incluidos los activistas pol\u00edticos del partido antichavista Primero Justicia (PJ) Gregorio Graterol, Manuel Chiquito y Jos\u00e9 Granadillo, detenidos a finales de diciembre pasado en Punto Fijo, estado Falc\u00f3n (noroeste), recuperaron su libertad despu\u00e9s de permanecer en El Helicoide, sede del Servicio Bolivariano de Inteligencia Nacional (Sebin).<\/p>\n\n\n\n<p>Tambi\u00e9n sali\u00f3 de la prisi\u00f3n el activista del partido Un Nuevo Tiempo (UNT) en el estado Monagas (este), \u00c1ngel Aristimu\u00f1o, quien se encontraba recluido en un \u00abcomando\u00bb de esa regi\u00f3n.<\/p>\n\n\n\n<p>\u00abEsta noticia es un aliento para muchas familias, pero la libertad debe ser para todos. No podemos hablar de justicia mientras siga habiendo presos pol\u00edticos en Venezuela\u00bb, manifest\u00f3 la ONG.<\/p>\n\n\n\n<p>El Gobierno de Venezuela confirm\u00f3 este viernes la excarcelaci\u00f3n de un grupo de personas consideradas por sus allegados y ONG como presos pol\u00edticos, como parte de una negociaci\u00f3n en la que particip\u00f3 el expresidente espa\u00f1ol Jos\u00e9 Luis Rodr\u00edguez Zapatero.<\/p>\n\n\n\n<p>Estas excarcelaciones se dan junto con el retorno a Venezuela de los 252 migrantes deportados por Estados Unidos a una c\u00e1rcel de m\u00e1xima seguridad de El Salvador en marzo pasado, adem\u00e1s del \u00abrescate\u00bb de siete de los 31 ni\u00f1os que, seg\u00fan denuncia la Administraci\u00f3n de Maduro, est\u00e1n \u00absecuestrados\u00bb en el pa\u00eds norteamericano.<br><strong><em>ET \/ EFE<\/em><\/strong><\/p>\n","protected":false},"excerpt":{"rendered":"<p>ENTRE TORMENTAS. Al menos 28 ciudadanos que, seg\u00fan allegados y oeneg\u00e9s, estaban detenidos en Venezuela&#8230;<\/p>\n","protected":false},"author":2,"featured_media":19598,"comment_status":"closed","ping_status":"open","sticky":false,"template":"","format":"standard","meta":{"footnotes":""},"categories":[56,49],"tags":[],"class_list":["post-19596","post","type-post","status-publish","format-standard","has-post-thumbnail","hentry","category-destacadas","category-nacionales"],"_links":{"self":[{"href":"https:\/\/entretormentas.com\/index.php?rest_route=\/wp\/v2\/posts\/19596","targetHints":{"allow":["GET"]}}],"collection":[{"href":"https:\/\/entretormentas.com\/index.php?rest_route=\/wp\/v2\/posts"}],"about":[{"href":"https:\/\/entretormentas.com\/index.php?rest_route=\/wp\/v2\/types\/post"}],"author":[{"embeddable":true,"href":"https:\/\/entretormentas.com\/index.php?rest_route=\/wp\/v2\/users\/2"}],"replies":[{"embeddable":true,"href":"https:\/\/entretormentas.com\/index.php?rest_route=%2Fwp%2Fv2%2Fcomments&post=19596"}],"version-history":[{"count":1,"href":"https:\/\/entretormentas.com\/index.php?rest_route=\/wp\/v2\/posts\/19596\/revisions"}],"predecessor-version":[{"id":19599,"href":"https:\/\/entretormentas.com\/index.php?rest_route=\/wp\/v2\/posts\/19596\/revisions\/19599"}],"wp:featuredmedia":[{"embeddable":true,"href":"https:\/\/entretormentas.com\/index.php?rest_route=\/wp\/v2\/media\/19598"}],"wp:attachment":[{"href":"https:\/\/entretormentas.com\/index.php?rest_route=%2Fwp%2Fv2%2Fmedia&parent=19596"}],"wp:term":[{"taxonomy":"category","embeddable":true,"href":"https:\/\/entretormentas.com\/index.php?rest_route=%2Fwp%2Fv2%2Fcategories&post=19596"},{"taxonomy":"post_tag","embeddable":true,"href":"https:\/\/entretormentas.com\/index.php?rest_route=%2Fwp%2Fv2%2Ftags&post=19596"}],"curies":[{"name":"wp","href":"https:\/\/api.w.org\/{rel}","templated":true}]}}