{"id":20275,"date":"2025-08-09T13:23:54","date_gmt":"2025-08-09T11:23:54","guid":{"rendered":"https:\/\/entretormentas.com\/?p=20275"},"modified":"2025-08-09T13:23:55","modified_gmt":"2025-08-09T11:23:55","slug":"di-martino-al-juramentarse-maracaibo-retoma-desde-hoy-el-camino-del-progreso-del-bienestar-y-del-esplendor","status":"publish","type":"post","link":"https:\/\/entretormentas.com\/di-martino-al-juramentarse-maracaibo-retoma-desde-hoy-el-camino-del-progreso-del-bienestar-y-del-esplendor\/","title":{"rendered":"DI MARTINO AL JURAMENTARSE: \u00abMaracaibo retoma desde hoy el camino del progreso del bienestar y del esplendor\u00bb"},"content":{"rendered":"\n<p><strong>ENTRE TORMENTAS. <\/strong>El alcalde Gian Carlo DI Martino se jurament\u00f3 como m\u00e1xima autoridad civil de la capital zuliana, en sesi\u00f3n extraordinaria de la C\u00e1mara Municipal realizada en el Teatro Baralt.<\/p>\n\n\n\n<p>\u00abEste es un d\u00eda de esperanza, de alegr\u00eda, de sinton\u00eda con todo lo bueno que ansiamos como sociedad, restablecer el bienestar y el progreso\u00bb.<\/p>\n\n\n\n<p>Di Martino destac\u00f3 que a partir de ahora ser\u00e1 una gesti\u00f3n continua, sin descanso por Maracaibo y su gente.<\/p>\n\n\n\n<figure class=\"wp-block-image size-large\"><img fetchpriority=\"high\" decoding=\"async\" width=\"1024\" height=\"683\" src=\"https:\/\/entretormentas.com\/wp-content\/uploads\/2025\/08\/dima2-1024x683.jpeg\" alt=\"\" class=\"wp-image-20276\" srcset=\"https:\/\/entretormentas.com\/wp-content\/uploads\/2025\/08\/dima2-1024x683.jpeg 1024w, https:\/\/entretormentas.com\/wp-content\/uploads\/2025\/08\/dima2-300x200.jpeg 300w, https:\/\/entretormentas.com\/wp-content\/uploads\/2025\/08\/dima2-768x512.jpeg 768w, https:\/\/entretormentas.com\/wp-content\/uploads\/2025\/08\/dima2.jpeg 1080w\" sizes=\"(max-width: 1024px) 100vw, 1024px\" \/><\/figure>\n\n\n\n<p><strong>ATENCI\u00d3N URGENTE A LA CIUDADAN\u00cdA<\/strong><br>El alcalde se\u00f1al\u00f3 que atender\u00e1 con urgencia la seguridad ciudadana, los servicios p\u00fablicos, la reactivaci\u00f3n econ\u00f3mica, el desarrollo tecnol\u00f3gico y la identidad cultural de esta ciudad capital de un estado fronterizo. \u00abPorque las potencialidades de Maracaibo son reales y poderosas. Podemos resurgir y vamos a lograrlo.\u00bb<\/p>\n\n\n\n<p>Di Martino estuvo acompa\u00f1ado de los concejales de la C\u00e1mara Municipal, el Gobernador del estado Zulia, Luis Caldera, autoridades del CLEZ, la S\u00edndico Municipal, el Contralor Municipal, representantes empresariales, de la iglesia cat\u00f3lica, universitarias y poder comunal.<\/p>\n\n\n\n<p>El Alcalde de Maracaibo manifest\u00f3 que inicia la era del poder popular comunal, consagrada como cuarta instancia de gobierno, con capacidad de diagn\u00f3stico, decisi\u00f3n, ejecuci\u00f3n, control y evaluaci\u00f3n.<\/p>\n\n\n\n<p>Tambi\u00e9n con la juventud que se puso a la vanguardia, consult\u00f3, debati\u00f3 y present\u00f3 sus propios proyectos, y con los empresarios<\/p>\n\n\n\n<p>Con la misma intensidad y empe\u00f1o, anunci\u00f3 que trabajar\u00e1 con los empresarios, emprendedores y el sector industrial. \u00abApostamos al di\u00e1logo, al compromiso mutuo a la corresponsabilidad. Los tributos deben ser proporcionales a la calidad de los servicios p\u00fablicos que les brinde la alcald\u00eda\u00bb.<\/p>\n\n\n\n<figure class=\"wp-block-image size-large\"><img decoding=\"async\" width=\"1024\" height=\"570\" src=\"https:\/\/entretormentas.com\/wp-content\/uploads\/2025\/08\/dima3-1024x570.jpeg\" alt=\"\" class=\"wp-image-20277\" srcset=\"https:\/\/entretormentas.com\/wp-content\/uploads\/2025\/08\/dima3-1024x570.jpeg 1024w, https:\/\/entretormentas.com\/wp-content\/uploads\/2025\/08\/dima3-300x167.jpeg 300w, https:\/\/entretormentas.com\/wp-content\/uploads\/2025\/08\/dima3-768x427.jpeg 768w, https:\/\/entretormentas.com\/wp-content\/uploads\/2025\/08\/dima3.jpeg 1080w\" sizes=\"(max-width: 1024px) 100vw, 1024px\" \/><\/figure>\n\n\n\n<p><strong>ASUMI\u00d3 DE INMEDIATO<\/strong><br>Una vez finalizado el acto de juramentaci\u00f3n, Di Martino se dirigi\u00f3 junto a la presidenta de la C\u00e1mara Municipal Jessy Gasc\u00f3n, concejales y concejalas, al edificio de la Alcald\u00eda de Maracaibo, donde fue recibido por Adri\u00e1n Romero, autoridad municipal saliente.<\/p>\n\n\n\n<p>En el despacho lo esperaba el alcalde saliente para hacerle entrega y seguidamente Di Martino se reuni\u00f3 con los concejales, as\u00ed como parte de su equipo de trabajo que lo acompa\u00f1ar\u00e1 en su gesti\u00f3n, a fin de dar algunas directrices y firmar el decreto n\u00famero 1 como alcalde de Maracaibo, seg\u00fan Acta de Juramentaci\u00f3n de fecha 8 de agosto de 2025 como parte de la formalidad para asumir el cargo.<\/p>\n\n\n\n<figure class=\"wp-block-image size-full\"><img decoding=\"async\" width=\"960\" height=\"540\" src=\"https:\/\/entretormentas.com\/wp-content\/uploads\/2025\/08\/dima4.jpeg\" alt=\"\" class=\"wp-image-20278\" srcset=\"https:\/\/entretormentas.com\/wp-content\/uploads\/2025\/08\/dima4.jpeg 960w, https:\/\/entretormentas.com\/wp-content\/uploads\/2025\/08\/dima4-300x169.jpeg 300w, https:\/\/entretormentas.com\/wp-content\/uploads\/2025\/08\/dima4-768x432.jpeg 768w\" sizes=\"(max-width: 960px) 100vw, 960px\" \/><\/figure>\n\n\n\n<p>En el documento est\u00e1 como art\u00edculo primero que se declara formalmente asumidas a partir de esta fecha todas las funciones inherentes al cargo de alcalde del municipio Maracaibo, conforme a las leyes vigentes. Art\u00edculo segundo se ordena la publicaci\u00f3n del presente Decreto en la Gaceta Municipal de Maracaibo y su difusi\u00f3n en todas las dependencias del Ejecutivo Municipal para los efectos administrativos legales y de control. Dado, firmado y sellado en el despacho del alcalde, en Maracaibo a los 8 d\u00edas del mes de agosto del 2025, a\u00f1os 116 de la Independencia y 166 de la Federaci\u00f3n.<\/p>\n\n\n\n<p>El alcalde Giancarlo Di Martino expres\u00f3 al equipo unas palabras de referidas a los directores que lo acompa\u00f1ar\u00e1n en cada dependencia, \u201clos promotores sociales que est\u00e1n all\u00ed en la base de nuestras estructuras y las jefaturas civiles se analizaron en base a los liderazgos que la misma estructura plante\u00f3. Y bueno a asumir ese compromiso de no descansar hasta lograr objetivos muy puntuales, vamos a tener un acompa\u00f1amiento amplio y eso va en funci\u00f3n de la victoria amplia que tambi\u00e9n tuvimos\u201d.<br><strong><em>ET \/ Nota de Prensa<\/em><\/strong><\/p>\n\n\n\n<p><\/p>\n","protected":false},"excerpt":{"rendered":"<p>ENTRE TORMENTAS. El alcalde Gian Carlo DI Martino se jurament\u00f3 como m\u00e1xima autoridad civil de&#8230;<\/p>\n","protected":false},"author":2,"featured_media":20279,"comment_status":"closed","ping_status":"open","sticky":false,"template":"","format":"standard","meta":{"footnotes":""},"categories":[57,1],"tags":[],"class_list":["post-20275","post","type-post","status-publish","format-standard","has-post-thumbnail","hentry","category-actualidad","category-regionales"],"_links":{"self":[{"href":"https:\/\/entretormentas.com\/index.php?rest_route=\/wp\/v2\/posts\/20275","targetHints":{"allow":["GET"]}}],"collection":[{"href":"https:\/\/entretormentas.com\/index.php?rest_route=\/wp\/v2\/posts"}],"about":[{"href":"https:\/\/entretormentas.com\/index.php?rest_route=\/wp\/v2\/types\/post"}],"author":[{"embeddable":true,"href":"https:\/\/entretormentas.com\/index.php?rest_route=\/wp\/v2\/users\/2"}],"replies":[{"embeddable":true,"href":"https:\/\/entretormentas.com\/index.php?rest_route=%2Fwp%2Fv2%2Fcomments&post=20275"}],"version-history":[{"count":1,"href":"https:\/\/entretormentas.com\/index.php?rest_route=\/wp\/v2\/posts\/20275\/revisions"}],"predecessor-version":[{"id":20280,"href":"https:\/\/entretormentas.com\/index.php?rest_route=\/wp\/v2\/posts\/20275\/revisions\/20280"}],"wp:featuredmedia":[{"embeddable":true,"href":"https:\/\/entretormentas.com\/index.php?rest_route=\/wp\/v2\/media\/20279"}],"wp:attachment":[{"href":"https:\/\/entretormentas.com\/index.php?rest_route=%2Fwp%2Fv2%2Fmedia&parent=20275"}],"wp:term":[{"taxonomy":"category","embeddable":true,"href":"https:\/\/entretormentas.com\/index.php?rest_route=%2Fwp%2Fv2%2Fcategories&post=20275"},{"taxonomy":"post_tag","embeddable":true,"href":"https:\/\/entretormentas.com\/index.php?rest_route=%2Fwp%2Fv2%2Ftags&post=20275"}],"curies":[{"name":"wp","href":"https:\/\/api.w.org\/{rel}","templated":true}]}}