{"id":20286,"date":"2025-08-09T13:31:13","date_gmt":"2025-08-09T11:31:13","guid":{"rendered":"https:\/\/entretormentas.com\/?p=20286"},"modified":"2025-08-09T13:31:14","modified_gmt":"2025-08-09T11:31:14","slug":"desde-este-8-ago-gobierno-renueva-decreto-de-emergencia-economica-por-60-dias","status":"publish","type":"post","link":"https:\/\/entretormentas.com\/desde-este-8-ago-gobierno-renueva-decreto-de-emergencia-economica-por-60-dias\/","title":{"rendered":"\u00a1DESDE ESTE 8-AGO! Gobierno renueva decreto de emergencia econ\u00f3mica por 60 d\u00edas"},"content":{"rendered":"\n<p><strong>ENTRE TORMENTAS.<\/strong> El Gobierno renov\u00f3 este viernes el decreto de emergencia econ\u00f3mica por 60 d\u00edas debido a las \u00abcircunstancias extraordinarias\u00bb que est\u00e1n afectando la econom\u00eda del pa\u00eds.<\/p>\n\n\n\n<p>En la Gaceta Oficial Extraordinaria, n\u00famero 6.924 de fecha 8 de agosto de 2025, se indica en el art\u00edculo 1 que esta activaci\u00f3n faculta al Ejecutivo para que tome \u00abadopte las regulaciones y medidas urgentes, excepcionales y necesarias para preservar el equilibrio econ\u00f3mico y garantizar a la poblaci\u00f3n el pleno disfrute de sus derechos\u00bb.<\/p>\n\n\n\n<p>Adem\u00e1s, se le autoriza poder dictar regulaciones excepcionales y transitorias para llevar un equilibrio en la econom\u00eda, as\u00ed como tambi\u00e9n puede suspender la aplicaci\u00f3n de impuestos, tributos o tr\u00e1mites administrativos a fin de proteger el aparato productivo del pa\u00eds, entre otras cosas, detall\u00f3 Mundo UR.<\/p>\n\n\n\n<p>Se suspende tambi\u00e9n, mientras dure la medida de emergencia econ\u00f3mica, \u00abla garant\u00eda constitucional de la reserva legal en materia econ\u00f3mica, financiera y monetaria\u00bb, al igual que el jefe de Estado est\u00e1 facultado para tomar las medidas que considere en aras de la estabilidad econ\u00f3mica.<\/p>\n\n\n\n<p>Esta renovaci\u00f3n del decreto de emergencia econ\u00f3mica se promulga luego de que la fiscal general de Estados Unidos, Pam Bondi, anunciara el aumento de la recompensa contra el presidente Nicol\u00e1s Maduro a 50 millones de d\u00f3lares.<\/p>\n\n\n\n<p>El presidente Nicol\u00e1s Maduro firm\u00f3 el martes 8 de abril un decreto de emergencia econ\u00f3mica por dos meses, en respuesta -asegur\u00f3- a la \u00abguerra comercial in\u00e9dita\u00bb ocasionada por la pol\u00edtica arancelaria de EEUU y que le otorga la potestad de \u00abdictar todas medidas que considere necesarias para garantizar el desarrollo y crecimiento\u00bb de Venezuela.<\/p>\n\n\n\n<p>\u00abProcedo hoy, 8 de abril, a firmar el decreto de emergencia econ\u00f3mica que me faculta por dos meses a obrar, a actuar y a accionar distintas modalidades de pol\u00edticas p\u00fablicas para defender la econom\u00eda nacional, protegerla y avanzar\u00bb, indic\u00f3 Maduro.<\/p>\n\n\n\n<p>En enero de 2016, Maduro aprob\u00f3 un \u00abestado de emergencia econ\u00f3mica\u00bb en todo el territorio nacional, con el fin de \u00abproteger al pueblo en funci\u00f3n de las amenazas existentes\u00bb, seg\u00fan explicaron entonces las autoridades, que achacaban a una supuesta \u00abguerra econ\u00f3mica\u00bb por parte de la oposici\u00f3n y el sector privado el desabastecimiento, la inflaci\u00f3n y la recesi\u00f3n econ\u00f3mica.<br><strong><em>ET \/ Agencias<\/em><\/strong><\/p>\n","protected":false},"excerpt":{"rendered":"<p>ENTRE TORMENTAS. El Gobierno renov\u00f3 este viernes el decreto de emergencia econ\u00f3mica por 60 d\u00edas&#8230;<\/p>\n","protected":false},"author":2,"featured_media":20287,"comment_status":"closed","ping_status":"open","sticky":false,"template":"","format":"standard","meta":{"footnotes":""},"categories":[56,49],"tags":[],"class_list":["post-20286","post","type-post","status-publish","format-standard","has-post-thumbnail","hentry","category-destacadas","category-nacionales"],"_links":{"self":[{"href":"https:\/\/entretormentas.com\/index.php?rest_route=\/wp\/v2\/posts\/20286","targetHints":{"allow":["GET"]}}],"collection":[{"href":"https:\/\/entretormentas.com\/index.php?rest_route=\/wp\/v2\/posts"}],"about":[{"href":"https:\/\/entretormentas.com\/index.php?rest_route=\/wp\/v2\/types\/post"}],"author":[{"embeddable":true,"href":"https:\/\/entretormentas.com\/index.php?rest_route=\/wp\/v2\/users\/2"}],"replies":[{"embeddable":true,"href":"https:\/\/entretormentas.com\/index.php?rest_route=%2Fwp%2Fv2%2Fcomments&post=20286"}],"version-history":[{"count":1,"href":"https:\/\/entretormentas.com\/index.php?rest_route=\/wp\/v2\/posts\/20286\/revisions"}],"predecessor-version":[{"id":20288,"href":"https:\/\/entretormentas.com\/index.php?rest_route=\/wp\/v2\/posts\/20286\/revisions\/20288"}],"wp:featuredmedia":[{"embeddable":true,"href":"https:\/\/entretormentas.com\/index.php?rest_route=\/wp\/v2\/media\/20287"}],"wp:attachment":[{"href":"https:\/\/entretormentas.com\/index.php?rest_route=%2Fwp%2Fv2%2Fmedia&parent=20286"}],"wp:term":[{"taxonomy":"category","embeddable":true,"href":"https:\/\/entretormentas.com\/index.php?rest_route=%2Fwp%2Fv2%2Fcategories&post=20286"},{"taxonomy":"post_tag","embeddable":true,"href":"https:\/\/entretormentas.com\/index.php?rest_route=%2Fwp%2Fv2%2Ftags&post=20286"}],"curies":[{"name":"wp","href":"https:\/\/api.w.org\/{rel}","templated":true}]}}