{"id":20289,"date":"2025-08-09T13:33:22","date_gmt":"2025-08-09T11:33:22","guid":{"rendered":"https:\/\/entretormentas.com\/?p=20289"},"modified":"2025-08-09T13:33:23","modified_gmt":"2025-08-09T11:33:23","slug":"consigna-documentos-vicepresidenta-delcy-rodriguez-se-reune-con-el-fiscal-adjunto-de-la-cpi","status":"publish","type":"post","link":"https:\/\/entretormentas.com\/consigna-documentos-vicepresidenta-delcy-rodriguez-se-reune-con-el-fiscal-adjunto-de-la-cpi\/","title":{"rendered":"\u00a1CONSIGNA DOCUMENTOS! Vicepresidenta Delcy Rodr\u00edguez se re\u00fane con el fiscal adjunto de la CPI"},"content":{"rendered":"\n<p><strong>ENTRE TORMENTAS. <\/strong>La vicepresidenta de Venezuela, Delcy Rodr\u00edguez, se reuni\u00f3 en La Haya con el fiscal adjunto de la Corte Penal Internacional (CPI), Mame Mandiaye Niang, para abordar dos casos abiertos contra el pa\u00eds. Durante el encuentro, Venezuela consign\u00f3 un estudio de la revista m\u00e9dica The Lancet que evidencia el impacto de las medidas coercitivas unilaterales en la salud de la poblaci\u00f3n.<\/p>\n\n\n\n<p>El estudio, que evalu\u00f3 a 152 pa\u00edses, concluy\u00f3 que las sanciones adoptadas por Estados Unidos y otros pa\u00edses de Occidente causan la muerte de m\u00e1s de 564 mil personas anualmente. Esta cifra incluye a ni\u00f1os menores de cinco a\u00f1os y adultos mayores de forma desproporcionada.<\/p>\n\n\n\n<p>La vicepresidenta Rodr\u00edguez compar\u00f3 este n\u00famero con la tasa de mortalidad anual por conflictos armados. La vicepresidenta expres\u00f3 su preocupaci\u00f3n por la lentitud en el avance de este caso, conocido como Venezuela II, que se inici\u00f3 hace m\u00e1s de cinco a\u00f1os.<\/p>\n\n\n\n<p>Adem\u00e1s, se discuti\u00f3 el caso Venezuela I, y la vicepresidenta ratific\u00f3 la posici\u00f3n del pa\u00eds de que no se han cometido cr\u00edmenes tipificados en el Estatuto de Roma. Rodr\u00edguez reiter\u00f3 la disposici\u00f3n del Gobierno venezolano de continuar la cooperaci\u00f3n con la CPI, con la condici\u00f3n de que se respete la primac\u00eda de la jurisdicci\u00f3n nacional.<\/p>\n\n\n\n<p>La vicepresidenta tambi\u00e9n aprovech\u00f3 la oportunidad para destacar la actuaci\u00f3n de los organismos de seguridad venezolanos, a los que describi\u00f3 como \u00abresponsables y profesionales\u00bb en la defensa de la paz y el resguardo de los derechos de la poblaci\u00f3n.<br><strong><em>ET \/ Agencias<\/em><\/strong><\/p>\n","protected":false},"excerpt":{"rendered":"<p>ENTRE TORMENTAS. La vicepresidenta de Venezuela, Delcy Rodr\u00edguez, se reuni\u00f3 en La Haya con el&#8230;<\/p>\n","protected":false},"author":2,"featured_media":20290,"comment_status":"closed","ping_status":"open","sticky":false,"template":"","format":"standard","meta":{"footnotes":""},"categories":[56,49],"tags":[],"class_list":["post-20289","post","type-post","status-publish","format-standard","has-post-thumbnail","hentry","category-destacadas","category-nacionales"],"_links":{"self":[{"href":"https:\/\/entretormentas.com\/index.php?rest_route=\/wp\/v2\/posts\/20289","targetHints":{"allow":["GET"]}}],"collection":[{"href":"https:\/\/entretormentas.com\/index.php?rest_route=\/wp\/v2\/posts"}],"about":[{"href":"https:\/\/entretormentas.com\/index.php?rest_route=\/wp\/v2\/types\/post"}],"author":[{"embeddable":true,"href":"https:\/\/entretormentas.com\/index.php?rest_route=\/wp\/v2\/users\/2"}],"replies":[{"embeddable":true,"href":"https:\/\/entretormentas.com\/index.php?rest_route=%2Fwp%2Fv2%2Fcomments&post=20289"}],"version-history":[{"count":1,"href":"https:\/\/entretormentas.com\/index.php?rest_route=\/wp\/v2\/posts\/20289\/revisions"}],"predecessor-version":[{"id":20291,"href":"https:\/\/entretormentas.com\/index.php?rest_route=\/wp\/v2\/posts\/20289\/revisions\/20291"}],"wp:featuredmedia":[{"embeddable":true,"href":"https:\/\/entretormentas.com\/index.php?rest_route=\/wp\/v2\/media\/20290"}],"wp:attachment":[{"href":"https:\/\/entretormentas.com\/index.php?rest_route=%2Fwp%2Fv2%2Fmedia&parent=20289"}],"wp:term":[{"taxonomy":"category","embeddable":true,"href":"https:\/\/entretormentas.com\/index.php?rest_route=%2Fwp%2Fv2%2Fcategories&post=20289"},{"taxonomy":"post_tag","embeddable":true,"href":"https:\/\/entretormentas.com\/index.php?rest_route=%2Fwp%2Fv2%2Ftags&post=20289"}],"curies":[{"name":"wp","href":"https:\/\/api.w.org\/{rel}","templated":true}]}}