{"id":20303,"date":"2025-08-10T13:26:01","date_gmt":"2025-08-10T11:26:01","guid":{"rendered":"https:\/\/entretormentas.com\/?p=20303"},"modified":"2025-08-10T13:26:02","modified_gmt":"2025-08-10T11:26:02","slug":"con-beici-petit-di-martino-crea-direccion-general-del-poder-comunal-para-el-municipio-maracaibo","status":"publish","type":"post","link":"https:\/\/entretormentas.com\/con-beici-petit-di-martino-crea-direccion-general-del-poder-comunal-para-el-municipio-maracaibo\/","title":{"rendered":"\u00a1CON BEICI PETIT! Di Martino crea Direcci\u00f3n General del Poder Comunal para el municipio Maracaibo"},"content":{"rendered":"\n<p><strong>ENTRE TORMENTAS. <\/strong>\u00abVamos con el Ministerio del Poder Popular para las Comunas, los movimientos sociales, en acompa\u00f1amiento para las renovaciones de los consejos comunales\u00bb, est\u00e1 es la propuesta inicial de Beici Petit, quien asume la Direcci\u00f3n General del Poder Comunal para el Municipio Maracaibo.<\/p>\n\n\n\n<p>Este ente municipal fue creado con el primer decreto de Gian Carlo Di Martino, luego de su juramentaci\u00f3n oficial como alcalde bolivariano de Maracaibo.<\/p>\n\n\n\n<p>Petit agradeci\u00f3 la confianza del alcalde Di Martino al designarla en este cargo de alta responsabilidad, el cual es un compromiso que ha logrado cultivar con a\u00f1os de conocimiento.<\/p>\n\n\n\n<p><strong>ENLACE INTERINSTITUCIONAL<\/strong><br>Refiri\u00f3 que mantendr\u00e1 el enlace con las pol\u00edticas estrat\u00e9gicas del presidente Nicol\u00e1s Maduro, planteadas en el Consejo Federal de Gobierno.<\/p>\n\n\n\n<figure class=\"wp-block-image size-large\"><img fetchpriority=\"high\" decoding=\"async\" width=\"1024\" height=\"680\" src=\"https:\/\/entretormentas.com\/wp-content\/uploads\/2025\/08\/comunasdi2-1024x680.jpeg\" alt=\"\" class=\"wp-image-20305\" srcset=\"https:\/\/entretormentas.com\/wp-content\/uploads\/2025\/08\/comunasdi2-1024x680.jpeg 1024w, https:\/\/entretormentas.com\/wp-content\/uploads\/2025\/08\/comunasdi2-300x199.jpeg 300w, https:\/\/entretormentas.com\/wp-content\/uploads\/2025\/08\/comunasdi2-768x510.jpeg 768w, https:\/\/entretormentas.com\/wp-content\/uploads\/2025\/08\/comunasdi2.jpeg 1080w\" sizes=\"(max-width: 1024px) 100vw, 1024px\" \/><\/figure>\n\n\n\n<p>Est\u00e1 Direcci\u00f3n va a trabajar con el Poder Popular, seg\u00fan lo enmarcado en sus agendas concretas de acci\u00f3n (ACA) y la ejecuci\u00f3n de los proyectos ganadores en las consultas, todo acorde a las pol\u00edticas estrat\u00e9gicas que desarrollar\u00e1n las alcald\u00edas y gobernaciones.<\/p>\n\n\n\n<p>Afirma Petit tener clara la tarea, porque es una direcci\u00f3n con v\u00ednculo nacional, y expres\u00f3 su disposici\u00f3n de aportar su conocimiento, su esfuerzo, humildad, y su coraz\u00f3n, para que el Dr. Giancarlo Di Martino engrane sus pol\u00edticas p\u00fablicas con el Poder Popular.<\/p>\n\n\n\n<p>Una segunda etapa, ser\u00eda la adecuaci\u00f3n de todas esas comunas a la nueva ley.<\/p>\n\n\n\n<p><strong>COMUNA AUTOSUSTENTABLE<\/strong><br>En el municipio hay 124 entre comunas y consejos comunales, 58 comunas registradas y 66 circuitos electorales comunales.<\/p>\n\n\n\n<p>Enfatiz\u00f3 Beici Petit que desde la Direcci\u00f3n General del Poder Comunal para el Municipio Maracaibo acompa\u00f1ar\u00e1 ese proceso directamente, para impulsarlos en su encadenamiento productivo, que deben liderar para que las comunas sean autosustentables, adem\u00e1s de darle el apoyo social, cultural, administrativo y t\u00e9cnico.<br><strong><em>ET \/ Nota de Prensa<\/em><\/strong><\/p>\n\n\n\n<p><\/p>\n","protected":false},"excerpt":{"rendered":"<p>ENTRE TORMENTAS. \u00abVamos con el Ministerio del Poder Popular para las Comunas, los movimientos sociales,&#8230;<\/p>\n","protected":false},"author":2,"featured_media":20306,"comment_status":"closed","ping_status":"open","sticky":false,"template":"","format":"standard","meta":{"footnotes":""},"categories":[57,1],"tags":[],"class_list":["post-20303","post","type-post","status-publish","format-standard","has-post-thumbnail","hentry","category-actualidad","category-regionales"],"_links":{"self":[{"href":"https:\/\/entretormentas.com\/index.php?rest_route=\/wp\/v2\/posts\/20303","targetHints":{"allow":["GET"]}}],"collection":[{"href":"https:\/\/entretormentas.com\/index.php?rest_route=\/wp\/v2\/posts"}],"about":[{"href":"https:\/\/entretormentas.com\/index.php?rest_route=\/wp\/v2\/types\/post"}],"author":[{"embeddable":true,"href":"https:\/\/entretormentas.com\/index.php?rest_route=\/wp\/v2\/users\/2"}],"replies":[{"embeddable":true,"href":"https:\/\/entretormentas.com\/index.php?rest_route=%2Fwp%2Fv2%2Fcomments&post=20303"}],"version-history":[{"count":1,"href":"https:\/\/entretormentas.com\/index.php?rest_route=\/wp\/v2\/posts\/20303\/revisions"}],"predecessor-version":[{"id":20307,"href":"https:\/\/entretormentas.com\/index.php?rest_route=\/wp\/v2\/posts\/20303\/revisions\/20307"}],"wp:featuredmedia":[{"embeddable":true,"href":"https:\/\/entretormentas.com\/index.php?rest_route=\/wp\/v2\/media\/20306"}],"wp:attachment":[{"href":"https:\/\/entretormentas.com\/index.php?rest_route=%2Fwp%2Fv2%2Fmedia&parent=20303"}],"wp:term":[{"taxonomy":"category","embeddable":true,"href":"https:\/\/entretormentas.com\/index.php?rest_route=%2Fwp%2Fv2%2Fcategories&post=20303"},{"taxonomy":"post_tag","embeddable":true,"href":"https:\/\/entretormentas.com\/index.php?rest_route=%2Fwp%2Fv2%2Ftags&post=20303"}],"curies":[{"name":"wp","href":"https:\/\/api.w.org\/{rel}","templated":true}]}}