{"id":20308,"date":"2025-08-10T13:29:37","date_gmt":"2025-08-10T11:29:37","guid":{"rendered":"https:\/\/entretormentas.com\/?p=20308"},"modified":"2025-08-10T13:29:37","modified_gmt":"2025-08-10T11:29:37","slug":"siete-meses-de-injusticia-gremio-periodistico-exige-libertad-para-leandro-palmar-y-belises-cubillan","status":"publish","type":"post","link":"https:\/\/entretormentas.com\/siete-meses-de-injusticia-gremio-periodistico-exige-libertad-para-leandro-palmar-y-belises-cubillan\/","title":{"rendered":"\u00a1SIETE MESES DE INJUSTICIA! Gremio period\u00edstico exige libertad para Leandro Palmar y Belises Cubill\u00e1n"},"content":{"rendered":"\n<p><strong>ENTRE TORMENTAS. <\/strong>El CNP Zulia mantiene su firme exigencia para la inmediata liberaci\u00f3n de los comunicadores Leandro Palmar y Belises Cubill\u00e1n, quienes llevan siete meses arbitrariamente detenidos.<\/p>\n\n\n\n<p>Ellos fueron aprehendidos el pasado 9 de enero en la ciudad de Maracaibo, estado Zulia, mientras documentaban una manifestaci\u00f3n ciudadana en las inmediaciones de la Plaza de la Rep\u00fablica.<\/p>\n\n\n\n<p>La directiva del gremio period\u00edstico rechaza el haber sido detenidos por ejercer su labor comunicacional, se les pretenden imputar los delitos de terrorismo, incitaci\u00f3n al odio, asociaci\u00f3n para delinquir y alteraci\u00f3n del orden p\u00fablico.<\/p>\n\n\n\n<figure class=\"wp-block-image size-large\"><img fetchpriority=\"high\" decoding=\"async\" width=\"578\" height=\"1024\" src=\"https:\/\/entretormentas.com\/wp-content\/uploads\/2025\/08\/cnpcolegas2-578x1024.jpeg\" alt=\"\" class=\"wp-image-20309\" srcset=\"https:\/\/entretormentas.com\/wp-content\/uploads\/2025\/08\/cnpcolegas2-578x1024.jpeg 578w, https:\/\/entretormentas.com\/wp-content\/uploads\/2025\/08\/cnpcolegas2-169x300.jpeg 169w, https:\/\/entretormentas.com\/wp-content\/uploads\/2025\/08\/cnpcolegas2.jpeg 720w\" sizes=\"(max-width: 578px) 100vw, 578px\" \/><\/figure>\n\n\n\n<p><strong>\u00a1INFORMAR NO ES UN DELITO!<\/strong><br>La libertad de expresi\u00f3n y el derecho a la informaci\u00f3n son pilares fundamentales de una sociedad democr\u00e1tica.<\/p>\n\n\n\n<p>Desde el Colegio Nacional de Periodistas del Zulia se exige \u00abrespeto a los derechos humanos y la justicia para todos los comunicadores y trabajadores de los medios venezolanos que, al igual que Leandro y Belises, han sido injustamente privados de su libertad por ejercer su profesi\u00f3n\u00bb. De igual forma, manifestaron nuestra preocupaci\u00f3n por los ciudadanos que se encuentran junto a ellos en esta lamentable situaci\u00f3n de detenci\u00f3n.<br><strong><em>ET \/ Nota de Prensa<\/em><\/strong><\/p>\n","protected":false},"excerpt":{"rendered":"<p>ENTRE TORMENTAS. El CNP Zulia mantiene su firme exigencia para la inmediata liberaci\u00f3n de los&#8230;<\/p>\n","protected":false},"author":2,"featured_media":20310,"comment_status":"closed","ping_status":"open","sticky":false,"template":"","format":"standard","meta":{"footnotes":""},"categories":[57,1],"tags":[],"class_list":["post-20308","post","type-post","status-publish","format-standard","has-post-thumbnail","hentry","category-actualidad","category-regionales"],"_links":{"self":[{"href":"https:\/\/entretormentas.com\/index.php?rest_route=\/wp\/v2\/posts\/20308","targetHints":{"allow":["GET"]}}],"collection":[{"href":"https:\/\/entretormentas.com\/index.php?rest_route=\/wp\/v2\/posts"}],"about":[{"href":"https:\/\/entretormentas.com\/index.php?rest_route=\/wp\/v2\/types\/post"}],"author":[{"embeddable":true,"href":"https:\/\/entretormentas.com\/index.php?rest_route=\/wp\/v2\/users\/2"}],"replies":[{"embeddable":true,"href":"https:\/\/entretormentas.com\/index.php?rest_route=%2Fwp%2Fv2%2Fcomments&post=20308"}],"version-history":[{"count":1,"href":"https:\/\/entretormentas.com\/index.php?rest_route=\/wp\/v2\/posts\/20308\/revisions"}],"predecessor-version":[{"id":20311,"href":"https:\/\/entretormentas.com\/index.php?rest_route=\/wp\/v2\/posts\/20308\/revisions\/20311"}],"wp:featuredmedia":[{"embeddable":true,"href":"https:\/\/entretormentas.com\/index.php?rest_route=\/wp\/v2\/media\/20310"}],"wp:attachment":[{"href":"https:\/\/entretormentas.com\/index.php?rest_route=%2Fwp%2Fv2%2Fmedia&parent=20308"}],"wp:term":[{"taxonomy":"category","embeddable":true,"href":"https:\/\/entretormentas.com\/index.php?rest_route=%2Fwp%2Fv2%2Fcategories&post=20308"},{"taxonomy":"post_tag","embeddable":true,"href":"https:\/\/entretormentas.com\/index.php?rest_route=%2Fwp%2Fv2%2Ftags&post=20308"}],"curies":[{"name":"wp","href":"https:\/\/api.w.org\/{rel}","templated":true}]}}