{"id":20312,"date":"2025-08-10T13:35:02","date_gmt":"2025-08-10T11:35:02","guid":{"rendered":"https:\/\/entretormentas.com\/?p=20312"},"modified":"2025-08-10T13:35:03","modified_gmt":"2025-08-10T11:35:03","slug":"nueva-administracion-hector-soto-toma-posesion-y-asume-el-liderazgo-del-municipio-san-francisco","status":"publish","type":"post","link":"https:\/\/entretormentas.com\/nueva-administracion-hector-soto-toma-posesion-y-asume-el-liderazgo-del-municipio-san-francisco\/","title":{"rendered":"\u00a1NUEVA ADMINISTRACI\u00d3N! H\u00e9ctor Soto toma posesi\u00f3n y asume el liderazgo del municipio San Francisco"},"content":{"rendered":"\n<p><strong>ENTRE TORMENTAS.<\/strong> El alcalde del municipio San Francisco, H\u00e9ctor Soto, acudi\u00f3 este s\u00e1bado a la sede de la Alcald\u00eda para tomar posesi\u00f3n formal de su cargo como primera autoridad municipal.<\/p>\n\n\n\n<p>En el despacho fue recibido por miembros del equipo saliente para la entrega protocolar, tras la cual Soto sostuvo un encuentro con los concejales y concejalas, as\u00ed como con parte de su equipo de trabajo que lo acompa\u00f1ar\u00e1 en esta nueva etapa, con el objetivo de establecer las primeras directrices de gesti\u00f3n.<\/p>\n\n\n\n<figure class=\"wp-block-image size-large\"><img fetchpriority=\"high\" decoding=\"async\" width=\"1024\" height=\"768\" src=\"https:\/\/entretormentas.com\/wp-content\/uploads\/2025\/08\/sotoasume4-1024x768.jpeg\" alt=\"\" class=\"wp-image-20313\" srcset=\"https:\/\/entretormentas.com\/wp-content\/uploads\/2025\/08\/sotoasume4-1024x768.jpeg 1024w, https:\/\/entretormentas.com\/wp-content\/uploads\/2025\/08\/sotoasume4-300x225.jpeg 300w, https:\/\/entretormentas.com\/wp-content\/uploads\/2025\/08\/sotoasume4-768x576.jpeg 768w, https:\/\/entretormentas.com\/wp-content\/uploads\/2025\/08\/sotoasume4.jpeg 1280w\" sizes=\"(max-width: 1024px) 100vw, 1024px\" \/><\/figure>\n\n\n\n<p>Durante la reuni\u00f3n, el alcalde H\u00e9ctor Soto expres\u00f3 su agradecimiento y compromiso con el pueblo sanfranciscano: \u201cGracias por confiar, gracias por dise\u00f1ar en conjunto esta ruta; es la ruta socialista y de Ch\u00e1vez. Le pedimos siempre a nuestro Se\u00f1or Jesucristo que nos d\u00e9 la sabidur\u00eda necesaria para comprender los momentos. Que la felicidad hoy se convierta en responsabilidad y humildad\u201d, resalt\u00f3.<\/p>\n\n\n\n<p>Soto anunci\u00f3 que en los pr\u00f3ximos d\u00edas se dar\u00e1 a conocer la conformaci\u00f3n de su gabinete municipal, con el que trabajar\u00e1 para impulsar el desarrollo y la transformaci\u00f3n del municipio, junto al poder popular y enmarcado en las 7 Transformaciones (7T) promovidas por el presidente Nicol\u00e1s Maduro.<br><strong><em>ET \/ Prensa Alcald\u00eda de San Francisco<\/em><\/strong><\/p>\n","protected":false},"excerpt":{"rendered":"<p>ENTRE TORMENTAS. El alcalde del municipio San Francisco, H\u00e9ctor Soto, acudi\u00f3 este s\u00e1bado a la&#8230;<\/p>\n","protected":false},"author":2,"featured_media":20314,"comment_status":"closed","ping_status":"open","sticky":false,"template":"","format":"standard","meta":{"footnotes":""},"categories":[57,1],"tags":[],"class_list":["post-20312","post","type-post","status-publish","format-standard","has-post-thumbnail","hentry","category-actualidad","category-regionales"],"_links":{"self":[{"href":"https:\/\/entretormentas.com\/index.php?rest_route=\/wp\/v2\/posts\/20312","targetHints":{"allow":["GET"]}}],"collection":[{"href":"https:\/\/entretormentas.com\/index.php?rest_route=\/wp\/v2\/posts"}],"about":[{"href":"https:\/\/entretormentas.com\/index.php?rest_route=\/wp\/v2\/types\/post"}],"author":[{"embeddable":true,"href":"https:\/\/entretormentas.com\/index.php?rest_route=\/wp\/v2\/users\/2"}],"replies":[{"embeddable":true,"href":"https:\/\/entretormentas.com\/index.php?rest_route=%2Fwp%2Fv2%2Fcomments&post=20312"}],"version-history":[{"count":1,"href":"https:\/\/entretormentas.com\/index.php?rest_route=\/wp\/v2\/posts\/20312\/revisions"}],"predecessor-version":[{"id":20315,"href":"https:\/\/entretormentas.com\/index.php?rest_route=\/wp\/v2\/posts\/20312\/revisions\/20315"}],"wp:featuredmedia":[{"embeddable":true,"href":"https:\/\/entretormentas.com\/index.php?rest_route=\/wp\/v2\/media\/20314"}],"wp:attachment":[{"href":"https:\/\/entretormentas.com\/index.php?rest_route=%2Fwp%2Fv2%2Fmedia&parent=20312"}],"wp:term":[{"taxonomy":"category","embeddable":true,"href":"https:\/\/entretormentas.com\/index.php?rest_route=%2Fwp%2Fv2%2Fcategories&post=20312"},{"taxonomy":"post_tag","embeddable":true,"href":"https:\/\/entretormentas.com\/index.php?rest_route=%2Fwp%2Fv2%2Ftags&post=20312"}],"curies":[{"name":"wp","href":"https:\/\/api.w.org\/{rel}","templated":true}]}}