{"id":20319,"date":"2025-08-10T13:45:05","date_gmt":"2025-08-10T11:45:05","guid":{"rendered":"https:\/\/entretormentas.com\/?p=20319"},"modified":"2025-08-10T13:45:06","modified_gmt":"2025-08-10T11:45:06","slug":"desde-el-estado-zulia-gobierno-instala-el-comite-operativo-para-el-manejo-de-los-desechos-solidos","status":"publish","type":"post","link":"https:\/\/entretormentas.com\/desde-el-estado-zulia-gobierno-instala-el-comite-operativo-para-el-manejo-de-los-desechos-solidos\/","title":{"rendered":"\u00a1DESDE EL ESTADO ZULIA! Gobierno instala el Comit\u00e9 Operativo para el Manejo de los Desechos S\u00f3lidos"},"content":{"rendered":"\n<p><strong>ENTRE TORMENTAS. <\/strong>En un trabajo conjunto entre los cuatro niveles de gobierno para iniciar el desarrollo de la Gran Misi\u00f3n Madre Tierra Venezuela en el Zulia, este s\u00e1bado 9 de agosto fue instalado el Comit\u00e9 Operativo para el Manejo de los Desechos S\u00f3lidos de la entidad, en reuni\u00f3n presidida por el ministro del Poder Popular para el Ecosocialismo, Ricardo Molina y el gobernador Luis Caldera, junto a alcaldes de la zona metropolitana de la regi\u00f3n.<\/p>\n\n\n\n<p>La instalaci\u00f3n tuvo lugar el Palacio de Los C\u00f3ndores, sede de la Gobernaci\u00f3n del Zulia, desde donde el gobernador y el ministro sostuvieron un encuentro con la prensa, para dar a conocer las acciones de este comit\u00e9, entre las que destacan la constituci\u00f3n de los Consejos Ecosocialistas en cada uno de los 576 circuitos comunales del estado y en las que ya hay establecidas 310.<\/p>\n\n\n\n<p>Otra de las misiones, manifest\u00f3 el ministro Molina, es la recolecci\u00f3n de 10 mil kg de semillas de todas las especies forestales y frutales, para producir 805 mil plantas para el plan de reforestaci\u00f3n en el que trabaja el gobernador Caldera para reforestar territorios degradados; as\u00ed como la recuperaci\u00f3n de las ci\u00e9nagas del Catatumbo, el parque Sierra de Perij\u00e1, la Ci\u00e9naga de Juan Manuel. Tambi\u00e9n el establecimiento de estaciones climatol\u00f3gicas en cada una de las comunas.<\/p>\n\n\n\n<figure class=\"wp-block-image size-large\"><img fetchpriority=\"high\" decoding=\"async\" width=\"1024\" height=\"683\" src=\"https:\/\/entretormentas.com\/wp-content\/uploads\/2025\/08\/estadozuliano2-1024x683.jpeg\" alt=\"\" class=\"wp-image-20320\" srcset=\"https:\/\/entretormentas.com\/wp-content\/uploads\/2025\/08\/estadozuliano2-1024x683.jpeg 1024w, https:\/\/entretormentas.com\/wp-content\/uploads\/2025\/08\/estadozuliano2-300x200.jpeg 300w, https:\/\/entretormentas.com\/wp-content\/uploads\/2025\/08\/estadozuliano2-768x512.jpeg 768w, https:\/\/entretormentas.com\/wp-content\/uploads\/2025\/08\/estadozuliano2.jpeg 1280w\" sizes=\"(max-width: 1024px) 100vw, 1024px\" \/><\/figure>\n\n\n\n<p>\u201cLa situaci\u00f3n de la basura en el Zulia es un tema que estamos afrontando juntos para poder resolver en el menor tiempo. Para ello le ponemos ciencia y tecnolog\u00eda a la b\u00fasqueda de soluciones y c\u00f3mo, en lugar de ver la basura como un problema, la veamos como fuente de materia prima\u201d, explic\u00f3.<\/p>\n\n\n\n<p>El gobernador Caldera, al mencionar la presencia en la instalaci\u00f3n del comit\u00e9 de los alcaldes Gian Carlo Di Martino, de Maracaibo; H\u00e9ctor Soto, de San Francisco; Roberto Soto, de La Ca\u00f1ada; Carlos Colina, de Jes\u00fas Enrique Lossada y Edgar Labarca, de Mara, expres\u00f3 que no basta con la recolecci\u00f3n de la basura, sino de la conciencia de la ciudadan\u00eda y de que esos desechos sean materia prima para otras acciones.<\/p>\n\n\n\n<p>Entre estas, mencion\u00f3 el mantenimiento de los drenajes superficiales o ca\u00f1adas, los cuales se han convertido en vertederos ante la ausencia de la recolecci\u00f3n de los gobiernos municipales y regional anteriores, que hace que los habitantes arrojen los desechos a las mismas, generando inundaciones en las propias zonas.<\/p>\n\n\n\n<p>El gobernador dio a conocer la creaci\u00f3n bajo decreto del Comit\u00e9 Operativo para la Reforestaci\u00f3n de las Cuencas Hidrogr\u00e1ficas de los r\u00edos Ap\u00f3n, Palmar, Cachir\u00ed, Socuy, Guasare, r\u00edo Chiquito y r\u00edo Grande en Burro Negro y Machango, con la participaci\u00f3n del Ministerio el Ecosocialismo, el Ministerio para las Aguas, el Iclam, Corpozulia, Carbozulia, Ministerio para la Ciencia y la Tecnolog\u00eda, alcald\u00edas y las comunas. Sum\u00f3 tambi\u00e9n la creaci\u00f3n de un vivero en las instalaciones del Parque Zool\u00f3gico de Maracaibo.<br><strong><em>ET \/ Nota de Prensa<\/em><\/strong><\/p>\n","protected":false},"excerpt":{"rendered":"<p>ENTRE TORMENTAS. En un trabajo conjunto entre los cuatro niveles de gobierno para iniciar el&#8230;<\/p>\n","protected":false},"author":2,"featured_media":20321,"comment_status":"closed","ping_status":"open","sticky":false,"template":"","format":"standard","meta":{"footnotes":""},"categories":[56,1],"tags":[],"class_list":["post-20319","post","type-post","status-publish","format-standard","has-post-thumbnail","hentry","category-destacadas","category-regionales"],"_links":{"self":[{"href":"https:\/\/entretormentas.com\/index.php?rest_route=\/wp\/v2\/posts\/20319","targetHints":{"allow":["GET"]}}],"collection":[{"href":"https:\/\/entretormentas.com\/index.php?rest_route=\/wp\/v2\/posts"}],"about":[{"href":"https:\/\/entretormentas.com\/index.php?rest_route=\/wp\/v2\/types\/post"}],"author":[{"embeddable":true,"href":"https:\/\/entretormentas.com\/index.php?rest_route=\/wp\/v2\/users\/2"}],"replies":[{"embeddable":true,"href":"https:\/\/entretormentas.com\/index.php?rest_route=%2Fwp%2Fv2%2Fcomments&post=20319"}],"version-history":[{"count":1,"href":"https:\/\/entretormentas.com\/index.php?rest_route=\/wp\/v2\/posts\/20319\/revisions"}],"predecessor-version":[{"id":20322,"href":"https:\/\/entretormentas.com\/index.php?rest_route=\/wp\/v2\/posts\/20319\/revisions\/20322"}],"wp:featuredmedia":[{"embeddable":true,"href":"https:\/\/entretormentas.com\/index.php?rest_route=\/wp\/v2\/media\/20321"}],"wp:attachment":[{"href":"https:\/\/entretormentas.com\/index.php?rest_route=%2Fwp%2Fv2%2Fmedia&parent=20319"}],"wp:term":[{"taxonomy":"category","embeddable":true,"href":"https:\/\/entretormentas.com\/index.php?rest_route=%2Fwp%2Fv2%2Fcategories&post=20319"},{"taxonomy":"post_tag","embeddable":true,"href":"https:\/\/entretormentas.com\/index.php?rest_route=%2Fwp%2Fv2%2Ftags&post=20319"}],"curies":[{"name":"wp","href":"https:\/\/api.w.org\/{rel}","templated":true}]}}