{"id":20323,"date":"2025-08-10T13:49:25","date_gmt":"2025-08-10T11:49:25","guid":{"rendered":"https:\/\/entretormentas.com\/?p=20323"},"modified":"2025-08-10T13:49:26","modified_gmt":"2025-08-10T11:49:26","slug":"pbro-nedward-andrade-el-exito-de-la-gestion-del-alcalde-sera-el-exito-de-los-maracaiberos","status":"publish","type":"post","link":"https:\/\/entretormentas.com\/pbro-nedward-andrade-el-exito-de-la-gestion-del-alcalde-sera-el-exito-de-los-maracaiberos\/","title":{"rendered":"PBRO. NEDWARD ANDRADE: \u00abEl \u00e9xito de la gesti\u00f3n del alcalde ser\u00e1 el \u00e9xito de los maracaiberos\u00bb"},"content":{"rendered":"\n<p><strong>ENTRE TORMENTAS: <\/strong>\u201cEl \u00e9xito de la gesti\u00f3n del alcalde y su gabinete, ser\u00e1 el \u00e9xito de los maracaiberos\u201d. Con estas palabras, el p\u00e1rroco de la Bas\u00edlica de Nuestra Se\u00f1ora de Chiquinquir\u00e1, Pbro. Nedward Andrade, culmin\u00f3 las peticiones por el bienestar y el progreso de Maracaibo.<\/p>\n\n\n\n<p>Esta misa de acci\u00f3n de gracias fue celebrada por petici\u00f3n del alcalde Gian Carlo Di Martino, quien asisti\u00f3 con su familia y parte del equipo que lo ha venido acompa\u00f1ando en el regreso al ayuntamiento marabino.<\/p>\n\n\n\n<p><strong>ELEVAR LA CALIDAD DE VIDA<\/strong><br>El alcalde reci\u00e9n electo agradeci\u00f3 a Dios y a la Virgen Mar\u00eda \u201cLa Chinita\u201d, por el triunfo, a la vez que les pidi\u00f3 protecci\u00f3n para todas las familias de Maracaibo, \u201cacompa\u00f1amiento y fuerza, paciencia y serenidad, humildad\u201d para transitar el camino de trabajo para elevar la calidad de vida de los marabinos, con un modelo humanista, que provea progreso y bienestar.<\/p>\n\n\n\n<figure class=\"wp-block-image size-full\"><img fetchpriority=\"high\" decoding=\"async\" width=\"1024\" height=\"576\" src=\"https:\/\/entretormentas.com\/wp-content\/uploads\/2025\/08\/nedward2.jpeg\" alt=\"\" class=\"wp-image-20324\" srcset=\"https:\/\/entretormentas.com\/wp-content\/uploads\/2025\/08\/nedward2.jpeg 1024w, https:\/\/entretormentas.com\/wp-content\/uploads\/2025\/08\/nedward2-300x169.jpeg 300w, https:\/\/entretormentas.com\/wp-content\/uploads\/2025\/08\/nedward2-768x432.jpeg 768w\" sizes=\"(max-width: 1024px) 100vw, 1024px\" \/><\/figure>\n\n\n\n<p>\u201cDamos las gracias y pedimos la protecci\u00f3n divina, para que en medio de tantas dificultades podamos tener la fuerza suficiente en la misi\u00f3n que tenemos por delante\u2026 Soy devoto de Jos\u00e9 Gregorio Hern\u00e1ndez, que pronto ser\u00e1 canonizado y tambi\u00e9n le pedimos a \u00e9l\u201d.<\/p>\n\n\n\n<p><strong>VUELVEN EVENTOS A MARACAIBO<\/strong><br>Adelant\u00f3 que ya convers\u00f3 con el p\u00e1rroco de la Bas\u00edlica sobre la pr\u00f3xima Feria de la Chiquinquir\u00e1, \u201cque ser\u00e1 a lo grande, como debe ser\u201d y que volver\u00e1 a celebrarse el evento \u201cLa Gaita del A\u00f1o\u201d, as\u00ed como la Media Marat\u00f3n Ciudad de Maracaibo, que se organizar\u00e1 en forma conjunta con la Gobernaci\u00f3n del Zulia. \u201cCon la bendici\u00f3n de Dios y la participaci\u00f3n de todos, la tarea ser\u00e1 m\u00e1s f\u00e1cil\u201d, asegur\u00f3.<br><strong><em>ET \/ Nota de Prensa<\/em><\/strong><\/p>\n","protected":false},"excerpt":{"rendered":"<p>ENTRE TORMENTAS: \u201cEl \u00e9xito de la gesti\u00f3n del alcalde y su gabinete, ser\u00e1 el \u00e9xito&#8230;<\/p>\n","protected":false},"author":2,"featured_media":20325,"comment_status":"closed","ping_status":"open","sticky":false,"template":"","format":"standard","meta":{"footnotes":""},"categories":[57,1],"tags":[],"class_list":["post-20323","post","type-post","status-publish","format-standard","has-post-thumbnail","hentry","category-actualidad","category-regionales"],"_links":{"self":[{"href":"https:\/\/entretormentas.com\/index.php?rest_route=\/wp\/v2\/posts\/20323","targetHints":{"allow":["GET"]}}],"collection":[{"href":"https:\/\/entretormentas.com\/index.php?rest_route=\/wp\/v2\/posts"}],"about":[{"href":"https:\/\/entretormentas.com\/index.php?rest_route=\/wp\/v2\/types\/post"}],"author":[{"embeddable":true,"href":"https:\/\/entretormentas.com\/index.php?rest_route=\/wp\/v2\/users\/2"}],"replies":[{"embeddable":true,"href":"https:\/\/entretormentas.com\/index.php?rest_route=%2Fwp%2Fv2%2Fcomments&post=20323"}],"version-history":[{"count":1,"href":"https:\/\/entretormentas.com\/index.php?rest_route=\/wp\/v2\/posts\/20323\/revisions"}],"predecessor-version":[{"id":20326,"href":"https:\/\/entretormentas.com\/index.php?rest_route=\/wp\/v2\/posts\/20323\/revisions\/20326"}],"wp:featuredmedia":[{"embeddable":true,"href":"https:\/\/entretormentas.com\/index.php?rest_route=\/wp\/v2\/media\/20325"}],"wp:attachment":[{"href":"https:\/\/entretormentas.com\/index.php?rest_route=%2Fwp%2Fv2%2Fmedia&parent=20323"}],"wp:term":[{"taxonomy":"category","embeddable":true,"href":"https:\/\/entretormentas.com\/index.php?rest_route=%2Fwp%2Fv2%2Fcategories&post=20323"},{"taxonomy":"post_tag","embeddable":true,"href":"https:\/\/entretormentas.com\/index.php?rest_route=%2Fwp%2Fv2%2Ftags&post=20323"}],"curies":[{"name":"wp","href":"https:\/\/api.w.org\/{rel}","templated":true}]}}