{"id":20327,"date":"2025-08-10T13:53:10","date_gmt":"2025-08-10T11:53:10","guid":{"rendered":"https:\/\/entretormentas.com\/?p=20327"},"modified":"2025-08-10T13:53:10","modified_gmt":"2025-08-10T11:53:10","slug":"parada-de-servicio-el-miercoles-13-a-gobernador-anuncia-mantenimiento-correctivo-preventivo-al-sistema-hidraulico-para-recuperar-caudal-de-agua","status":"publish","type":"post","link":"https:\/\/entretormentas.com\/parada-de-servicio-el-miercoles-13-a-gobernador-anuncia-mantenimiento-correctivo-preventivo-al-sistema-hidraulico-para-recuperar-caudal-de-agua\/","title":{"rendered":"\u00a1PARADA DE SERVICIO EL MI\u00c9RCOLES 13-A! Gobernador anuncia mantenimiento correctivo-preventivo al sistema hidr\u00e1ulico para recuperar caudal de agua"},"content":{"rendered":"\n<p><strong>ENTRE TORMENTAS. <\/strong>El gobernador del estado Zulia, Luis Caldera, anunci\u00f3 la ejecuci\u00f3n de trabajos de mantenimiento correctivo-preventivo en el sistema hidr\u00e1ulico Luciano Urdaneta, conocido como la presa Tul\u00e9-Manuelote-Tres R\u00edos, con el fin de mejorar la calidad y caudal de agua. Para la realizaci\u00f3n de las labores se har\u00e1 una parada entre 48 y 72 horas, a partir del pr\u00f3ximo mi\u00e9rcoles 13 de agosto.<\/p>\n\n\n\n<p>Las obras, que estar\u00e1n coordinadas por el presidente de Hidrolago, Miguel Perozo, buscan realizar reparaciones en la aducci\u00f3n Tres R\u00edos-Cerro Cochino, donde existen p\u00e9rdidas de agua que han da\u00f1ado la v\u00eda, as\u00ed como el control de p\u00e9rdida de agua en la aducci\u00f3n Tul\u00e9-Cerro Cochino; adem\u00e1s, se har\u00e1 el servicio a toda la tuber\u00eda y al embalse para mejorar las condiciones de calidad de agua.<\/p>\n\n\n\n<figure class=\"wp-block-image size-large\"><img fetchpriority=\"high\" decoding=\"async\" width=\"1024\" height=\"683\" src=\"https:\/\/entretormentas.com\/wp-content\/uploads\/2025\/08\/agualc2-1024x683.jpeg\" alt=\"\" class=\"wp-image-20328\" srcset=\"https:\/\/entretormentas.com\/wp-content\/uploads\/2025\/08\/agualc2-1024x683.jpeg 1024w, https:\/\/entretormentas.com\/wp-content\/uploads\/2025\/08\/agualc2-300x200.jpeg 300w, https:\/\/entretormentas.com\/wp-content\/uploads\/2025\/08\/agualc2-768x512.jpeg 768w, https:\/\/entretormentas.com\/wp-content\/uploads\/2025\/08\/agualc2.jpeg 1280w\" sizes=\"(max-width: 1024px) 100vw, 1024px\" \/><\/figure>\n\n\n\n<p>Acompa\u00f1ado del ministro para el Ecosocialismo, Ricardo Molina, el mandatario regional adelant\u00f3, el s\u00e1bado 9 de agosto, que entre los trabajos a realizar destacan el abordaje al dique toma de la presa Tres R\u00edos, donde buzos especializados har\u00e1n un proceso de reubicaci\u00f3n de este, permitiendo disminuir la acumulaci\u00f3n de sedimentos que afectan la calidad del agua y que reduce la frecuencia del suministro en la capital zuliana, San Francisco y seis localidades m\u00e1s.<\/p>\n\n\n\n<p>Las reparaciones de roturas en la aducci\u00f3n se har\u00e1n entre los municipios Mara y Jes\u00fas Enrique Lossada, a la altura de La Nuevecita y La Salineta.<br>La obra se llevar\u00e1 a cabo a trav\u00e9s del Plan de Control de P\u00e9rdidas en las aducciones Tul\u00e9 3 y Tul\u00e9 1. Con estas acciones se recuperar\u00e1n aproximadamente unos 1.500 litros de agua por segundo.<\/p>\n\n\n\n<p>Para este lunes 10 de agosto, el gobernador Caldera, junto al equipo t\u00e9cnico de Hidrolago dirigido por su titular, ofrecer\u00e1 mayores detalles t\u00e9cnicos de los trabajos, que persiguen optimizar el servicio de agua para los habitantes del Zulia.<br><strong><em>ET \/ Nota de Prensa<\/em><\/strong><\/p>\n","protected":false},"excerpt":{"rendered":"<p>ENTRE TORMENTAS. El gobernador del estado Zulia, Luis Caldera, anunci\u00f3 la ejecuci\u00f3n de trabajos de&#8230;<\/p>\n","protected":false},"author":2,"featured_media":20329,"comment_status":"closed","ping_status":"open","sticky":false,"template":"","format":"standard","meta":{"footnotes":""},"categories":[57,1],"tags":[],"class_list":["post-20327","post","type-post","status-publish","format-standard","has-post-thumbnail","hentry","category-actualidad","category-regionales"],"_links":{"self":[{"href":"https:\/\/entretormentas.com\/index.php?rest_route=\/wp\/v2\/posts\/20327","targetHints":{"allow":["GET"]}}],"collection":[{"href":"https:\/\/entretormentas.com\/index.php?rest_route=\/wp\/v2\/posts"}],"about":[{"href":"https:\/\/entretormentas.com\/index.php?rest_route=\/wp\/v2\/types\/post"}],"author":[{"embeddable":true,"href":"https:\/\/entretormentas.com\/index.php?rest_route=\/wp\/v2\/users\/2"}],"replies":[{"embeddable":true,"href":"https:\/\/entretormentas.com\/index.php?rest_route=%2Fwp%2Fv2%2Fcomments&post=20327"}],"version-history":[{"count":1,"href":"https:\/\/entretormentas.com\/index.php?rest_route=\/wp\/v2\/posts\/20327\/revisions"}],"predecessor-version":[{"id":20330,"href":"https:\/\/entretormentas.com\/index.php?rest_route=\/wp\/v2\/posts\/20327\/revisions\/20330"}],"wp:featuredmedia":[{"embeddable":true,"href":"https:\/\/entretormentas.com\/index.php?rest_route=\/wp\/v2\/media\/20329"}],"wp:attachment":[{"href":"https:\/\/entretormentas.com\/index.php?rest_route=%2Fwp%2Fv2%2Fmedia&parent=20327"}],"wp:term":[{"taxonomy":"category","embeddable":true,"href":"https:\/\/entretormentas.com\/index.php?rest_route=%2Fwp%2Fv2%2Fcategories&post=20327"},{"taxonomy":"post_tag","embeddable":true,"href":"https:\/\/entretormentas.com\/index.php?rest_route=%2Fwp%2Fv2%2Ftags&post=20327"}],"curies":[{"name":"wp","href":"https:\/\/api.w.org\/{rel}","templated":true}]}}