{"id":20341,"date":"2025-08-10T14:11:55","date_gmt":"2025-08-10T12:11:55","guid":{"rendered":"https:\/\/entretormentas.com\/?p=20341"},"modified":"2025-08-10T14:11:56","modified_gmt":"2025-08-10T12:11:56","slug":"de-vuelta-a-la-elite-yulimar-rojas-regresa-a-las-pistas-de-atletismo-el-14-ago","status":"publish","type":"post","link":"https:\/\/entretormentas.com\/de-vuelta-a-la-elite-yulimar-rojas-regresa-a-las-pistas-de-atletismo-el-14-ago\/","title":{"rendered":"\u00a1DE VUELTA A LA \u00c9LITE! Yulimar Rojas regresa a las pistas de atletismo el 14-Ago"},"content":{"rendered":"\n<p><strong>ENTRE TORMENTAS.<\/strong> La atleta venezolana Yulimar Rojas asegur\u00f3 que regresar\u00e1 formalmente a las pistas de atletismo el venidero jueves 14 de agosto en el III Mitin Internacional de Atletismo que se llevar\u00e1 a cabo en Guadalajara, Espa\u00f1a.<\/p>\n\n\n\n<p>As\u00ed lo revel\u00f3 Rojas en un encuentro celebrado en el Consulado de Venezuela en Madrid con la embajadora, Gladys Guti\u00e9rrez, y la c\u00f3nsul general, Nancy Lira Ochoa.<\/p>\n\n\n\n<p>Guti\u00e9rrez agradeci\u00f3 a Rojas la visita realizada tras haber sostenido una conversaci\u00f3n sobre sus inicios en el \u00e1mbito deportivo, sus planes y proyectos a corto y mediano plazo, as\u00ed como la labor que viene desempe\u00f1ando desde su Fundaci\u00f3n \u00abYulimar Rojas 45\u00bb.<\/p>\n\n\n\n<p>Por su parte, Yulimar Rojas comparti\u00f3 unas palabras con el personal diplom\u00e1tico y local sobre la importancia de luchar cada d\u00eda para alcanzar los sue\u00f1os y nunca renunciar a ellos, a pesar de los obst\u00e1culos que puedan presentarse, rese\u00f1\u00f3 Globovisi\u00f3n.<\/p>\n\n\n\n<p>La atleta criolla prev\u00e9, luego de la competencia en Espa\u00f1a, iniciar un nuevo ciclo que la llevar\u00e1 ea participar en el Campeonato Mundial de Atletismo de 2025, que se celebrar\u00e1 en Tokio, Jap\u00f3n, del 13 al 21 de septiembre.<\/p>\n\n\n\n<p>En marzo de este a\u00f1o, Yulimar Rojas particip\u00f3 en el Trofeo de Atletismo Ciudad de Salamanca donde, si bien tuvo cuatro saltos nulos, represent\u00f3 el retorno de la medallista ol\u00edmpica a las competencias de alto rendimiento, luego de que una lesi\u00f3n en su tend\u00f3n de Aquiles la dejara fuera de los Juegos Ol\u00edmpicos Par\u00eds 2024.<\/p>\n\n\n\n<p>\u00abEste es un primer paso importante, ya quer\u00eda regresar. Estoy contenta de volver. Ahora, hay que seguir trabajando y mejorando para reencontrarnos. Gracias a todos por los bonitos deseos y por acompa\u00f1arme\u00bb, escribi\u00f3 la atleta.<br><strong><em>ET \/ Agencias<\/em><\/strong><\/p>\n","protected":false},"excerpt":{"rendered":"<p>ENTRE TORMENTAS. La atleta venezolana Yulimar Rojas asegur\u00f3 que regresar\u00e1 formalmente a las pistas de&#8230;<\/p>\n","protected":false},"author":2,"featured_media":20342,"comment_status":"closed","ping_status":"open","sticky":false,"template":"","format":"standard","meta":{"footnotes":""},"categories":[53,56],"tags":[],"class_list":["post-20341","post","type-post","status-publish","format-standard","has-post-thumbnail","hentry","category-deportes","category-destacadas"],"_links":{"self":[{"href":"https:\/\/entretormentas.com\/index.php?rest_route=\/wp\/v2\/posts\/20341","targetHints":{"allow":["GET"]}}],"collection":[{"href":"https:\/\/entretormentas.com\/index.php?rest_route=\/wp\/v2\/posts"}],"about":[{"href":"https:\/\/entretormentas.com\/index.php?rest_route=\/wp\/v2\/types\/post"}],"author":[{"embeddable":true,"href":"https:\/\/entretormentas.com\/index.php?rest_route=\/wp\/v2\/users\/2"}],"replies":[{"embeddable":true,"href":"https:\/\/entretormentas.com\/index.php?rest_route=%2Fwp%2Fv2%2Fcomments&post=20341"}],"version-history":[{"count":1,"href":"https:\/\/entretormentas.com\/index.php?rest_route=\/wp\/v2\/posts\/20341\/revisions"}],"predecessor-version":[{"id":20343,"href":"https:\/\/entretormentas.com\/index.php?rest_route=\/wp\/v2\/posts\/20341\/revisions\/20343"}],"wp:featuredmedia":[{"embeddable":true,"href":"https:\/\/entretormentas.com\/index.php?rest_route=\/wp\/v2\/media\/20342"}],"wp:attachment":[{"href":"https:\/\/entretormentas.com\/index.php?rest_route=%2Fwp%2Fv2%2Fmedia&parent=20341"}],"wp:term":[{"taxonomy":"category","embeddable":true,"href":"https:\/\/entretormentas.com\/index.php?rest_route=%2Fwp%2Fv2%2Fcategories&post=20341"},{"taxonomy":"post_tag","embeddable":true,"href":"https:\/\/entretormentas.com\/index.php?rest_route=%2Fwp%2Fv2%2Ftags&post=20341"}],"curies":[{"name":"wp","href":"https:\/\/api.w.org\/{rel}","templated":true}]}}