{"id":20349,"date":"2025-08-11T08:21:38","date_gmt":"2025-08-11T06:21:38","guid":{"rendered":"https:\/\/entretormentas.com\/?p=20349"},"modified":"2025-08-11T08:21:39","modified_gmt":"2025-08-11T06:21:39","slug":"con-pista-de-hielo-renovada-secretaria-de-cultura-y-galerias-mall-firmaran-convenio-para-actividades-gratuitas","status":"publish","type":"post","link":"https:\/\/entretormentas.com\/con-pista-de-hielo-renovada-secretaria-de-cultura-y-galerias-mall-firmaran-convenio-para-actividades-gratuitas\/","title":{"rendered":"\u00a1CON PISTA DE HIELO RENOVADA! Secretar\u00eda de Cultura y Galer\u00edas Mall firmar\u00e1n convenio para actividades gratuitas"},"content":{"rendered":"\n<p><strong>ENTRE TORMENTAS. <\/strong>La Secretar\u00eda de Cultura de la Gobernaci\u00f3n del Zulia anunci\u00f3 la firma de un convenio con el centro comercial Galer\u00edas Mall, que permitir\u00e1 ofrecer un programa permanente de actividades culturales y recreativas gratuitas, para beneficiar especialmente a ni\u00f1os y j\u00f3venes de bajos recursos del oeste de Maracaibo.<\/p>\n\n\n\n<p>La informaci\u00f3n la suministr\u00f3 el secretario de Cultura, Giovanny Villalobos, el pasado viernes 8 de agosto, tras asistir, en representaci\u00f3n del gobernador Luis Caldera, al acto de reinauguraci\u00f3n de la pista de hielo del mencionado centro comercial, que estuvo cerrada durante 12 a\u00f1os.<\/p>\n\n\n\n<figure class=\"wp-block-image size-large\"><img fetchpriority=\"high\" decoding=\"async\" width=\"1024\" height=\"1012\" src=\"https:\/\/entretormentas.com\/wp-content\/uploads\/2025\/08\/hielo2-1024x1012.jpeg\" alt=\"\" class=\"wp-image-20350\" srcset=\"https:\/\/entretormentas.com\/wp-content\/uploads\/2025\/08\/hielo2-1024x1012.jpeg 1024w, https:\/\/entretormentas.com\/wp-content\/uploads\/2025\/08\/hielo2-300x296.jpeg 300w, https:\/\/entretormentas.com\/wp-content\/uploads\/2025\/08\/hielo2-768x759.jpeg 768w, https:\/\/entretormentas.com\/wp-content\/uploads\/2025\/08\/hielo2.jpeg 1148w\" sizes=\"(max-width: 1024px) 100vw, 1024px\" \/><\/figure>\n\n\n\n<p>\u00abEsta reapertura es una gran noticia para todos los zulianos y con este convenio nos aseguramos de que el disfrute sea para todos\u00bb, expres\u00f3 Villalobos junto a la directiva de Galer\u00edas Mall.<\/p>\n\n\n\n<p>El acuerdo, a\u00fan por formalizarse, garantizar\u00e1 a los ni\u00f1os de bajos recursos el acceso gratuito no solo a la pista de hielo, sino tambi\u00e9n a las salas de cine y a una variedad de actividades art\u00edsticas que llevar\u00e1 la Secretar\u00eda de Cultura a este espacio, como: teatro, t\u00edteres, m\u00fasica, pintura y literatura, con el objetivo de fomentar la recreaci\u00f3n y el aprendizaje.<\/p>\n\n\n\n<p><br>Esta iniciativa forma parte del plan vacacional comunitario Venezuela R\u00ede 2025, impulsado por el Gobierno nacional y que busca garantizar el disfrute y la sana recreaci\u00f3n de las familias zulianas.<\/p>\n\n\n\n<p>Villalobos sugiri\u00f3 que el mall se convierta en un espacio con \u00ablas tres C\u00bb, denomin\u00e1ndolo centro comercial cultural Galer\u00edas Mall, para darle un nuevo prop\u00f3sito al lugar, ubicado en la avenida La Limpia.<\/p>\n\n\n\n<p><strong>APOYO INTEGRAL<\/strong><br>El titular de Cultura en la regi\u00f3n zuliana destac\u00f3 que el convenio forma parte de un esfuerzo conjunto para mejorar tambi\u00e9n el entorno del centro comercial.<\/p>\n\n\n\n<p>\u00abEstamos embelleciendo la zona con asfaltado e iluminaci\u00f3n. A cambio, el centro comercial se compromete a mantener las \u00e1reas verdes. Adem\u00e1s, estamos interviniendo el distribuidor Humberto Fern\u00e1ndez Mor\u00e1n con iluminaci\u00f3n y seguridad tur\u00edstica y patrimonial para que las familias puedan venir con tranquilidad\u00bb, afirm\u00f3.<\/p>\n\n\n\n<p>Por otro lado, en colaboraci\u00f3n con el gobierno municipal, la Secretar\u00eda de Cultura tambi\u00e9n planificar\u00e1 una serie de eventos para cerrar el a\u00f1o, que incluye el encendido de la Navidad, la Feria de la Chinita, el 30 aniversario de Galer\u00edas Mall, Expozulia y competencias de pesebres en las comunidades, buscando cerrar el 2025 con paz y alegr\u00eda.<\/p>\n\n\n\n<figure class=\"wp-block-image size-full\"><img decoding=\"async\" width=\"960\" height=\"720\" src=\"https:\/\/entretormentas.com\/wp-content\/uploads\/2025\/08\/hielo3.jpeg\" alt=\"\" class=\"wp-image-20352\" srcset=\"https:\/\/entretormentas.com\/wp-content\/uploads\/2025\/08\/hielo3.jpeg 960w, https:\/\/entretormentas.com\/wp-content\/uploads\/2025\/08\/hielo3-300x225.jpeg 300w, https:\/\/entretormentas.com\/wp-content\/uploads\/2025\/08\/hielo3-768x576.jpeg 768w\" sizes=\"(max-width: 960px) 100vw, 960px\" \/><\/figure>\n\n\n\n<p>La reinauguraci\u00f3n de la pista de hielo fue un evento de mucha alegr\u00eda que cont\u00f3 con la participaci\u00f3n del Ballet Nacional del Zulia, la agrupaci\u00f3n Gaitas sin Fronteras, el grupo de patinaje Maracaibo Bajo Cero y los personajes de Somos Pequis.<\/p>\n\n\n\n<p><br>El espect\u00e1culo principal estuvo a cargo de \u00abEl Volc\u00e1n de Am\u00e9rica\u00bb, Argenis Carruyo, quien ofreci\u00f3 una presentaci\u00f3n bailable para celebrar la reactivaci\u00f3n de la pista de hielo en este espacio de la ciudad de Maracaibo.<br><strong><em>ET \/ Nota de Prensa<\/em><\/strong><\/p>\n","protected":false},"excerpt":{"rendered":"<p>ENTRE TORMENTAS. La Secretar\u00eda de Cultura de la Gobernaci\u00f3n del Zulia anunci\u00f3 la firma de&#8230;<\/p>\n","protected":false},"author":2,"featured_media":20353,"comment_status":"closed","ping_status":"open","sticky":false,"template":"","format":"standard","meta":{"footnotes":""},"categories":[57,1],"tags":[],"class_list":["post-20349","post","type-post","status-publish","format-standard","has-post-thumbnail","hentry","category-actualidad","category-regionales"],"_links":{"self":[{"href":"https:\/\/entretormentas.com\/index.php?rest_route=\/wp\/v2\/posts\/20349","targetHints":{"allow":["GET"]}}],"collection":[{"href":"https:\/\/entretormentas.com\/index.php?rest_route=\/wp\/v2\/posts"}],"about":[{"href":"https:\/\/entretormentas.com\/index.php?rest_route=\/wp\/v2\/types\/post"}],"author":[{"embeddable":true,"href":"https:\/\/entretormentas.com\/index.php?rest_route=\/wp\/v2\/users\/2"}],"replies":[{"embeddable":true,"href":"https:\/\/entretormentas.com\/index.php?rest_route=%2Fwp%2Fv2%2Fcomments&post=20349"}],"version-history":[{"count":1,"href":"https:\/\/entretormentas.com\/index.php?rest_route=\/wp\/v2\/posts\/20349\/revisions"}],"predecessor-version":[{"id":20354,"href":"https:\/\/entretormentas.com\/index.php?rest_route=\/wp\/v2\/posts\/20349\/revisions\/20354"}],"wp:featuredmedia":[{"embeddable":true,"href":"https:\/\/entretormentas.com\/index.php?rest_route=\/wp\/v2\/media\/20353"}],"wp:attachment":[{"href":"https:\/\/entretormentas.com\/index.php?rest_route=%2Fwp%2Fv2%2Fmedia&parent=20349"}],"wp:term":[{"taxonomy":"category","embeddable":true,"href":"https:\/\/entretormentas.com\/index.php?rest_route=%2Fwp%2Fv2%2Fcategories&post=20349"},{"taxonomy":"post_tag","embeddable":true,"href":"https:\/\/entretormentas.com\/index.php?rest_route=%2Fwp%2Fv2%2Ftags&post=20349"}],"curies":[{"name":"wp","href":"https:\/\/api.w.org\/{rel}","templated":true}]}}