{"id":20360,"date":"2025-08-11T08:32:24","date_gmt":"2025-08-11T06:32:24","guid":{"rendered":"https:\/\/entretormentas.com\/?p=20360"},"modified":"2025-08-11T08:32:24","modified_gmt":"2025-08-11T06:32:24","slug":"decretos-del-gobernador-caldera-crean-la-secretaria-de-pueblos-indigenas-y-el-comite-de-reforestacion-de-cuencas-hidrograficas","status":"publish","type":"post","link":"https:\/\/entretormentas.com\/decretos-del-gobernador-caldera-crean-la-secretaria-de-pueblos-indigenas-y-el-comite-de-reforestacion-de-cuencas-hidrograficas\/","title":{"rendered":"\u00a1DECRETOS DEL GOBERNADOR CALDERA! Crean la Secretar\u00eda de Pueblos Ind\u00edgenas y el Comit\u00e9 de Reforestaci\u00f3n de Cuencas Hidrogr\u00e1ficas"},"content":{"rendered":"\n<p><strong>ENTRE TORMENTAS. <\/strong>El gobernador del estado Zulia, Luis Caldera, inform\u00f3 sobra la firma de dos decretos para la creaci\u00f3n de la Secretar\u00eda del Poder Popular para los Pueblos Ind\u00edgenas y del Comit\u00e9 Operativo para la Reforestaci\u00f3n de las Cuencas Hidrogr\u00e1ficas.<\/p>\n\n\n\n<p>La firma de ambos preceptos las realiz\u00f3 el mandatario zuliano este s\u00e1bado 9 de agosto, en el marco de la celebraci\u00f3n del D\u00eda Internacional de los Pueblos Ind\u00edgenas.<\/p>\n\n\n\n<p>La Secretar\u00eda del Poder Popular para los Pueblos Ind\u00edgenas, es otro de los compromisos cumplidos por el gobernador Caldera, quien prometi\u00f3 durante su campa\u00f1a en un encuentro con m\u00e1s de dos mil 500 originarios en el Parque Ana Mar\u00eda Campos, que gobernar\u00eda junto a los ind\u00edgenas, consolidando la paz, el respeto, el reconocimiento a los valores, principios y saberes ancestrales, plasmados en la Constituci\u00f3n Bolivariana.<\/p>\n\n\n\n<figure class=\"wp-block-image size-large\"><img fetchpriority=\"high\" decoding=\"async\" width=\"1024\" height=\"768\" src=\"https:\/\/entretormentas.com\/wp-content\/uploads\/2025\/08\/indi1-1024x768.jpeg\" alt=\"\" class=\"wp-image-20361\" srcset=\"https:\/\/entretormentas.com\/wp-content\/uploads\/2025\/08\/indi1-1024x768.jpeg 1024w, https:\/\/entretormentas.com\/wp-content\/uploads\/2025\/08\/indi1-300x225.jpeg 300w, https:\/\/entretormentas.com\/wp-content\/uploads\/2025\/08\/indi1-768x576.jpeg 768w, https:\/\/entretormentas.com\/wp-content\/uploads\/2025\/08\/indi1.jpeg 1040w\" sizes=\"(max-width: 1024px) 100vw, 1024px\" \/><\/figure>\n\n\n\n<p>Expres\u00f3 que este decreto es para la atenci\u00f3n de los cinco pueblos ind\u00edgenas de la entidad: way\u00fau, yukpa, bar\u00ed, a\u00f1\u00fa y japreira y que ya se inici\u00f3 un abordaje en la Circunvalaci\u00f3n 1, en la zona conocida como los kil\u00f3metros, donde est\u00e1n asentados grupos originarios. Se conformar\u00e1n unidades administrativas para cada uno de los cinco pueblos originarios.<\/p>\n\n\n\n<p>El segundo decreto, el Comit\u00e9 Operativo para la Reforestaci\u00f3n de las Cuencas Hidrogr\u00e1ficas, atender\u00e1 las principales cuencas que garantizan agua al estado, tales como de los r\u00edos Ap\u00f3n, Palmar, Cachir\u00ed, Socuy, Guasare, r\u00edo Chiquito y r\u00edo Grande, en Burro Negro y Machango.<\/p>\n\n\n\n<p>En este comit\u00e9 operativo participan el Ministerio para el Ecosocialismo, el Ministerio para las Aguas y el Ministerio para la Ciencia y la Tecnolog\u00eda; tambi\u00e9n el Instituto para el Control y Conservaci\u00f3n de la Cuenca del Lago de Maracaibo (Iclam), la Corporaci\u00f3n para el Desarrollo de la Regi\u00f3n Zuliana (Corpozulia, las alcald\u00edas y las comunas.<\/p>\n\n\n\n<p>El mandatario zuliano adelant\u00f3 que se crear\u00e1 un vivero en los espacios del Parque Zool\u00f3gico de Maracaibo. Las acciones de este comit\u00e9, adem\u00e1s de la reforestaci\u00f3n de las cuencas, se extender\u00e1 a las principales ciudades de la regi\u00f3n para arborizar calles y avenidas, cumpliendo con el objetivo del Plan 7T, de la transformaci\u00f3n ecol\u00f3gica, as\u00ed como de la Gran Misi\u00f3n Madre Tierra Venezuela, del gobierno del presidente Nicol\u00e1s Maduro.<br><strong><em>ET \/ Nota de Prensa<\/em><\/strong><\/p>\n","protected":false},"excerpt":{"rendered":"<p>ENTRE TORMENTAS. El gobernador del estado Zulia, Luis Caldera, inform\u00f3 sobra la firma de dos&#8230;<\/p>\n","protected":false},"author":2,"featured_media":20362,"comment_status":"closed","ping_status":"open","sticky":false,"template":"","format":"standard","meta":{"footnotes":""},"categories":[57,1],"tags":[],"class_list":["post-20360","post","type-post","status-publish","format-standard","has-post-thumbnail","hentry","category-actualidad","category-regionales"],"_links":{"self":[{"href":"https:\/\/entretormentas.com\/index.php?rest_route=\/wp\/v2\/posts\/20360","targetHints":{"allow":["GET"]}}],"collection":[{"href":"https:\/\/entretormentas.com\/index.php?rest_route=\/wp\/v2\/posts"}],"about":[{"href":"https:\/\/entretormentas.com\/index.php?rest_route=\/wp\/v2\/types\/post"}],"author":[{"embeddable":true,"href":"https:\/\/entretormentas.com\/index.php?rest_route=\/wp\/v2\/users\/2"}],"replies":[{"embeddable":true,"href":"https:\/\/entretormentas.com\/index.php?rest_route=%2Fwp%2Fv2%2Fcomments&post=20360"}],"version-history":[{"count":1,"href":"https:\/\/entretormentas.com\/index.php?rest_route=\/wp\/v2\/posts\/20360\/revisions"}],"predecessor-version":[{"id":20363,"href":"https:\/\/entretormentas.com\/index.php?rest_route=\/wp\/v2\/posts\/20360\/revisions\/20363"}],"wp:featuredmedia":[{"embeddable":true,"href":"https:\/\/entretormentas.com\/index.php?rest_route=\/wp\/v2\/media\/20362"}],"wp:attachment":[{"href":"https:\/\/entretormentas.com\/index.php?rest_route=%2Fwp%2Fv2%2Fmedia&parent=20360"}],"wp:term":[{"taxonomy":"category","embeddable":true,"href":"https:\/\/entretormentas.com\/index.php?rest_route=%2Fwp%2Fv2%2Fcategories&post=20360"},{"taxonomy":"post_tag","embeddable":true,"href":"https:\/\/entretormentas.com\/index.php?rest_route=%2Fwp%2Fv2%2Ftags&post=20360"}],"curies":[{"name":"wp","href":"https:\/\/api.w.org\/{rel}","templated":true}]}}