{"id":20364,"date":"2025-08-11T08:36:14","date_gmt":"2025-08-11T06:36:14","guid":{"rendered":"https:\/\/entretormentas.com\/?p=20364"},"modified":"2025-08-11T08:36:14","modified_gmt":"2025-08-11T06:36:14","slug":"sociedad-venezolana-de-anestesiologia-exigen-investigar-muertes-de-al-menos-cinco-ninos-venezolanos-en-chile","status":"publish","type":"post","link":"https:\/\/entretormentas.com\/sociedad-venezolana-de-anestesiologia-exigen-investigar-muertes-de-al-menos-cinco-ninos-venezolanos-en-chile\/","title":{"rendered":"\u00a1SOCIEDAD VENEZOLANA DE ANESTESIOLOG\u00cdA! Exigen investigar muertes de al menos cinco ni\u00f1os venezolanos en Chile"},"content":{"rendered":"\n<p><strong>ENTRE TORMENTAS. <\/strong>La Sociedad Venezolana de Anestesiolog\u00eda (SVA) public\u00f3 un comunicado el s\u00e1bado 9 de agosto en donde pide una investigaci\u00f3n, sin entrar en especulaciones, sobre la muerte de al menos cinco ni\u00f1os de nacionalidad venezolana en Chile tras haberse sometido a una intervenci\u00f3n quir\u00fargica con anestesia general.<\/p>\n\n\n\n<p>En el texto, la SVA se solidariza con las familias de los ni\u00f1os fallecidos en territorio chileno, asegurando que la p\u00e9rdida de cualquier vida, \u00abespecialmente en la infancia\u00bb, es una \u00abtragedia\u00bb que tiene que ser abordada con \u00abel mayor rigor cient\u00edfico y humano\u00bb. En ese sentido, expres\u00f3 que se ha mantenido en constante comunicaci\u00f3n con las autoridades venezolanas tras conocer el incidente y con las sociedades de anestesiolog\u00eda de la regi\u00f3n.<\/p>\n\n\n\n<p>Por ello, la Sociedad Venezolana de Anestesiolog\u00eda considera \u00abinapropiado\u00bb considerar que exista una vinculaci\u00f3n entre la nacionalidad y una presunta predisposici\u00f3n gen\u00e9tica, sin que se hayan hecho investigaciones cient\u00edficas rigurosas, a lo que adem\u00e1s condenaron que exista alg\u00fan rechazo que pueda llevar a la segregaci\u00f3n de los servicios sanitarios por ser venezolanos o por su ascendencia.<\/p>\n\n\n\n<figure class=\"wp-block-image size-full\"><img fetchpriority=\"high\" decoding=\"async\" width=\"800\" height=\"450\" src=\"https:\/\/entretormentas.com\/wp-content\/uploads\/2025\/08\/ninochile2.jpeg\" alt=\"\" class=\"wp-image-20365\" srcset=\"https:\/\/entretormentas.com\/wp-content\/uploads\/2025\/08\/ninochile2.jpeg 800w, https:\/\/entretormentas.com\/wp-content\/uploads\/2025\/08\/ninochile2-300x169.jpeg 300w, https:\/\/entretormentas.com\/wp-content\/uploads\/2025\/08\/ninochile2-768x432.jpeg 768w\" sizes=\"(max-width: 800px) 100vw, 800px\" \/><\/figure>\n\n\n\n<p>\u00abDeben realizarse las pesquisas, necesarias con una base cient\u00edfica y \u00e9tica de alto nivel, para saber las causas de estos eventos desafortunados. Solo mediante un estudio objetivo y multidisciplinario ser\u00e1 posible garantizar la seguridad de los procedimientos anest\u00e9sicos\u00bb, cita el comunicado.<\/p>\n\n\n\n<p>El pronunciamiento se da tras denuncias emitidas en julio por la Sociedad de Anestesi\u00f3logos de Chile (SACH), que report\u00f3 al menos cinco casos graves en ni\u00f1os venezolanos, con cuatro fallecidos tras no despertar de la anestesia o presentar da\u00f1o neurol\u00f3gico severo durante la recuperaci\u00f3n. Seg\u00fan otras versiones, un quinto ni\u00f1o tambi\u00e9n habr\u00eda perdido la vida.<\/p>\n\n\n\n<p>En su comunicado, la SACH dice que \u00abtodos los pacientes fueron sometidos a t\u00e9cnicas anest\u00e9sicas ampliamente validadas y ocupadas en la poblaci\u00f3n pedi\u00e1trica, utilizando f\u00e1rmacos como Sevoflurano, Propofol y Fentanilo. Seg\u00fan lo informado por los anestesi\u00f3logos tratantes, no se identific\u00f3 en ninguno de los casos mencionados, complicaciones agudas dentro de pabell\u00f3n como hipoxia, hipertermia maligna, anafilaxia, ni errores en la administraci\u00f3n de medicamentos, ejecutando los protocolos previamente establecidos\u00bb.<\/p>\n\n\n\n<p>La SACH aclar\u00f3 que su objetivo no es establecer una relaci\u00f3n causal ni estigmatizar a la poblaci\u00f3n venezolana, sino alertar sobre una situaci\u00f3n cl\u00ednica preocupante que requiere atenci\u00f3n urgente y rigurosa, con el fin de garantizar la seguridad y bienestar de todos los pacientes en Chile y la comunidad latinoamericana, rese\u00f1\u00f3 Mundo UR.<br><strong><em>ET \/ Agencias<\/em><\/strong><\/p>\n\n\n\n<p><\/p>\n","protected":false},"excerpt":{"rendered":"<p>ENTRE TORMENTAS. La Sociedad Venezolana de Anestesiolog\u00eda (SVA) public\u00f3 un comunicado el s\u00e1bado 9 de&#8230;<\/p>\n","protected":false},"author":2,"featured_media":20366,"comment_status":"closed","ping_status":"open","sticky":false,"template":"","format":"standard","meta":{"footnotes":""},"categories":[56,49],"tags":[],"class_list":["post-20364","post","type-post","status-publish","format-standard","has-post-thumbnail","hentry","category-destacadas","category-nacionales"],"_links":{"self":[{"href":"https:\/\/entretormentas.com\/index.php?rest_route=\/wp\/v2\/posts\/20364","targetHints":{"allow":["GET"]}}],"collection":[{"href":"https:\/\/entretormentas.com\/index.php?rest_route=\/wp\/v2\/posts"}],"about":[{"href":"https:\/\/entretormentas.com\/index.php?rest_route=\/wp\/v2\/types\/post"}],"author":[{"embeddable":true,"href":"https:\/\/entretormentas.com\/index.php?rest_route=\/wp\/v2\/users\/2"}],"replies":[{"embeddable":true,"href":"https:\/\/entretormentas.com\/index.php?rest_route=%2Fwp%2Fv2%2Fcomments&post=20364"}],"version-history":[{"count":1,"href":"https:\/\/entretormentas.com\/index.php?rest_route=\/wp\/v2\/posts\/20364\/revisions"}],"predecessor-version":[{"id":20367,"href":"https:\/\/entretormentas.com\/index.php?rest_route=\/wp\/v2\/posts\/20364\/revisions\/20367"}],"wp:featuredmedia":[{"embeddable":true,"href":"https:\/\/entretormentas.com\/index.php?rest_route=\/wp\/v2\/media\/20366"}],"wp:attachment":[{"href":"https:\/\/entretormentas.com\/index.php?rest_route=%2Fwp%2Fv2%2Fmedia&parent=20364"}],"wp:term":[{"taxonomy":"category","embeddable":true,"href":"https:\/\/entretormentas.com\/index.php?rest_route=%2Fwp%2Fv2%2Fcategories&post=20364"},{"taxonomy":"post_tag","embeddable":true,"href":"https:\/\/entretormentas.com\/index.php?rest_route=%2Fwp%2Fv2%2Ftags&post=20364"}],"curies":[{"name":"wp","href":"https:\/\/api.w.org\/{rel}","templated":true}]}}