{"id":20368,"date":"2025-08-11T08:38:39","date_gmt":"2025-08-11T06:38:39","guid":{"rendered":"https:\/\/entretormentas.com\/?p=20368"},"modified":"2025-08-11T08:38:39","modified_gmt":"2025-08-11T06:38:39","slug":"pronostico-del-inameh-dos-nuevas-ondas-tropicales-llegan-a-venezuela-desde-este-domingo","status":"publish","type":"post","link":"https:\/\/entretormentas.com\/pronostico-del-inameh-dos-nuevas-ondas-tropicales-llegan-a-venezuela-desde-este-domingo\/","title":{"rendered":"\u00a1PRON\u00d3STICO DEL INAMEH! Dos nuevas ondas tropicales llegan a Venezuela desde este domingo"},"content":{"rendered":"\n<p><strong>ENTRE TORMENTAS. <\/strong>El Instituto Nacional de Meteorolog\u00eda e Hidrolog\u00eda (INAMEH) inform\u00f3 este s\u00e1bado sobre la llegada de dos ondas tropicales al territorio nacional, espec\u00edficamente a la Guayana Esequiba.<\/p>\n\n\n\n<p>De acuerdo al INAMEH, la onda n\u00famero 24 se desplaza sobre el Atl\u00e1ntico Central y estar\u00eda llegando a la Guayana Esequiba entre el domingo 10 y lunes 11 de agosto.<\/p>\n\n\n\n<p>La onda tropical 25, est\u00e1 saliendo de las costas africanas, y se prev\u00e9 que llegue entre el lunes 11 y martes 12 a la Guayana Esequiba.<\/p>\n\n\n\n<p>De acuerdo a la informaci\u00f3n publicada por el INAMEH en su p\u00e1gina web, para este s\u00e1bado se espera abundante nubosidad asociada a precipitaciones de intensidad variable, algunas con actividad el\u00e9ctrica, al norte de nuestra Guayana Esequiba, Amazonas, Delta Amacuro, Sucre, Monagas, zona Insular, Llanos Occidentales\/Centrales, los Andes y Zulia.<\/p>\n\n\n\n<p>No se descartan lluvias o lloviznas dispersas en Miranda, La Guaira, Aragua, Carabobo, Anzo\u00e1tegui, Yaracuy, Lara y Falc\u00f3n; el resto del pa\u00eds prevalecer\u00e1 parcialmente nublado.<\/p>\n\n\n\n<p>Durante la tarde y noche se estima cielo de parcial a nublado en la mayor parte del pa\u00eds, con precipitaciones de intensidad variable, descargas el\u00e9ctricas y r\u00e1fagas de viento, especialmente en zonas de nuestra Guayana Esequiba, Amazonas, Anzo\u00e1tegui, Sucre, Monagas, Llanos Occidentales, los Andes y Zulia.<br><strong><em>ET \/ Diario 2001<\/em><\/strong><\/p>\n\n\n\n<p><\/p>\n","protected":false},"excerpt":{"rendered":"<p>ENTRE TORMENTAS. El Instituto Nacional de Meteorolog\u00eda e Hidrolog\u00eda (INAMEH) inform\u00f3 este s\u00e1bado sobre la&#8230;<\/p>\n","protected":false},"author":2,"featured_media":20369,"comment_status":"closed","ping_status":"open","sticky":false,"template":"","format":"standard","meta":{"footnotes":""},"categories":[56,49],"tags":[],"class_list":["post-20368","post","type-post","status-publish","format-standard","has-post-thumbnail","hentry","category-destacadas","category-nacionales"],"_links":{"self":[{"href":"https:\/\/entretormentas.com\/index.php?rest_route=\/wp\/v2\/posts\/20368","targetHints":{"allow":["GET"]}}],"collection":[{"href":"https:\/\/entretormentas.com\/index.php?rest_route=\/wp\/v2\/posts"}],"about":[{"href":"https:\/\/entretormentas.com\/index.php?rest_route=\/wp\/v2\/types\/post"}],"author":[{"embeddable":true,"href":"https:\/\/entretormentas.com\/index.php?rest_route=\/wp\/v2\/users\/2"}],"replies":[{"embeddable":true,"href":"https:\/\/entretormentas.com\/index.php?rest_route=%2Fwp%2Fv2%2Fcomments&post=20368"}],"version-history":[{"count":1,"href":"https:\/\/entretormentas.com\/index.php?rest_route=\/wp\/v2\/posts\/20368\/revisions"}],"predecessor-version":[{"id":20370,"href":"https:\/\/entretormentas.com\/index.php?rest_route=\/wp\/v2\/posts\/20368\/revisions\/20370"}],"wp:featuredmedia":[{"embeddable":true,"href":"https:\/\/entretormentas.com\/index.php?rest_route=\/wp\/v2\/media\/20369"}],"wp:attachment":[{"href":"https:\/\/entretormentas.com\/index.php?rest_route=%2Fwp%2Fv2%2Fmedia&parent=20368"}],"wp:term":[{"taxonomy":"category","embeddable":true,"href":"https:\/\/entretormentas.com\/index.php?rest_route=%2Fwp%2Fv2%2Fcategories&post=20368"},{"taxonomy":"post_tag","embeddable":true,"href":"https:\/\/entretormentas.com\/index.php?rest_route=%2Fwp%2Fv2%2Ftags&post=20368"}],"curies":[{"name":"wp","href":"https:\/\/api.w.org\/{rel}","templated":true}]}}