{"id":20394,"date":"2025-08-12T10:37:44","date_gmt":"2025-08-12T08:37:44","guid":{"rendered":"https:\/\/entretormentas.com\/?p=20394"},"modified":"2025-08-12T10:37:45","modified_gmt":"2025-08-12T08:37:45","slug":"nueva-gestion-alcalde-de-san-francisco-hector-soto-inicia-designacion-de-su-gabinete-municipal","status":"publish","type":"post","link":"https:\/\/entretormentas.com\/nueva-gestion-alcalde-de-san-francisco-hector-soto-inicia-designacion-de-su-gabinete-municipal\/","title":{"rendered":"\u00a1NUEVA GESTI\u00d3N! Alcalde de San Francisco, H\u00e9ctor Soto, inicia designaci\u00f3n de su gabinete municipal"},"content":{"rendered":"\n<p><strong>ENTRE TORMENTAS.<\/strong> El Alcalde Bolivariano del municipio San Francisco, H\u00e9ctor Soto, anunci\u00f3 este lunes la conformaci\u00f3n de su gabinete municipal, resaltando el compromiso de los nuevos funcionarios en encaminar a la ciudad hacia una nueva etapa de gesti\u00f3n gubernamental durante el per\u00edodo 2025-2029.<\/p>\n\n\n\n<p>Soto subray\u00f3 la importancia de la participaci\u00f3n del pueblo en la toma de decisiones para beneficio de cada una de las comunidades, enmarcados en las 7T impulsadas por el presidente Nicol\u00e1s Maduro. Estas nuevas responsabilidades buscan optimizar el funcionamiento del Gobierno Popular Revolucionario y Socialista de Venezuela.<\/p>\n\n\n\n<figure class=\"wp-block-image size-large\"><img fetchpriority=\"high\" decoding=\"async\" width=\"1024\" height=\"682\" src=\"https:\/\/entretormentas.com\/wp-content\/uploads\/2025\/08\/sotosoto2-1024x682.jpeg\" alt=\"\" class=\"wp-image-20395\" srcset=\"https:\/\/entretormentas.com\/wp-content\/uploads\/2025\/08\/sotosoto2-1024x682.jpeg 1024w, https:\/\/entretormentas.com\/wp-content\/uploads\/2025\/08\/sotosoto2-300x200.jpeg 300w, https:\/\/entretormentas.com\/wp-content\/uploads\/2025\/08\/sotosoto2-768x512.jpeg 768w, https:\/\/entretormentas.com\/wp-content\/uploads\/2025\/08\/sotosoto2.jpeg 1280w\" sizes=\"(max-width: 1024px) 100vw, 1024px\" \/><\/figure>\n\n\n\n<p>El gabinete municipal estar\u00e1 conformado por: Paola Castro (S\u00edndico Procurador Municipal), Pol Castro (director de Geom\u00e1tica), Johan Vicu\u00f1a (Gerente General), Junior Romero (director de Imasur), Darwing Su\u00e1rez (director de Servicios P\u00fablicos), Gabriel Soto (director de Eventos), Eduardo Molero (director de Recursos Humanos), Antony Contreras (director de Sedebat), Yonder Medina (director de Asuntos El\u00e9ctricos), Rustam Borges (director de Tecnolog\u00eda), Somalia Orozco (directora de Despacho), Yendri Luzardo (director de Salud), Desire Barboza (director de Licores) y Jos\u00e9 Alexander Rivera (director de Comunicaciones).<\/p>\n\n\n\n<p>En los pr\u00f3ximos d\u00edas, la primera autoridad municipal anunciar\u00e1 35 nuevos cargos que formar\u00e1n parte del equipo de gobierno que trabajar\u00e1 con firmeza para servir al pueblo, con respuestas concretas que dignifiquen su calidad de vida.<br><strong><em>ET \/ Nota de Prensa<\/em><\/strong><\/p>\n","protected":false},"excerpt":{"rendered":"<p>ENTRE TORMENTAS. El Alcalde Bolivariano del municipio San Francisco, H\u00e9ctor Soto, anunci\u00f3 este lunes la&#8230;<\/p>\n","protected":false},"author":2,"featured_media":20396,"comment_status":"closed","ping_status":"open","sticky":false,"template":"","format":"standard","meta":{"footnotes":""},"categories":[57,1],"tags":[],"class_list":["post-20394","post","type-post","status-publish","format-standard","has-post-thumbnail","hentry","category-actualidad","category-regionales"],"_links":{"self":[{"href":"https:\/\/entretormentas.com\/index.php?rest_route=\/wp\/v2\/posts\/20394","targetHints":{"allow":["GET"]}}],"collection":[{"href":"https:\/\/entretormentas.com\/index.php?rest_route=\/wp\/v2\/posts"}],"about":[{"href":"https:\/\/entretormentas.com\/index.php?rest_route=\/wp\/v2\/types\/post"}],"author":[{"embeddable":true,"href":"https:\/\/entretormentas.com\/index.php?rest_route=\/wp\/v2\/users\/2"}],"replies":[{"embeddable":true,"href":"https:\/\/entretormentas.com\/index.php?rest_route=%2Fwp%2Fv2%2Fcomments&post=20394"}],"version-history":[{"count":1,"href":"https:\/\/entretormentas.com\/index.php?rest_route=\/wp\/v2\/posts\/20394\/revisions"}],"predecessor-version":[{"id":20397,"href":"https:\/\/entretormentas.com\/index.php?rest_route=\/wp\/v2\/posts\/20394\/revisions\/20397"}],"wp:featuredmedia":[{"embeddable":true,"href":"https:\/\/entretormentas.com\/index.php?rest_route=\/wp\/v2\/media\/20396"}],"wp:attachment":[{"href":"https:\/\/entretormentas.com\/index.php?rest_route=%2Fwp%2Fv2%2Fmedia&parent=20394"}],"wp:term":[{"taxonomy":"category","embeddable":true,"href":"https:\/\/entretormentas.com\/index.php?rest_route=%2Fwp%2Fv2%2Fcategories&post=20394"},{"taxonomy":"post_tag","embeddable":true,"href":"https:\/\/entretormentas.com\/index.php?rest_route=%2Fwp%2Fv2%2Ftags&post=20394"}],"curies":[{"name":"wp","href":"https:\/\/api.w.org\/{rel}","templated":true}]}}