{"id":20398,"date":"2025-08-12T10:41:07","date_gmt":"2025-08-12T08:41:07","guid":{"rendered":"https:\/\/entretormentas.com\/?p=20398"},"modified":"2025-08-12T10:41:08","modified_gmt":"2025-08-12T08:41:08","slug":"aplicara-sanciones-gian-carlo-di-martino-califica-de-arbitrario-incremento-unilateral-del-pasaje-en-maracaibo","status":"publish","type":"post","link":"https:\/\/entretormentas.com\/aplicara-sanciones-gian-carlo-di-martino-califica-de-arbitrario-incremento-unilateral-del-pasaje-en-maracaibo\/","title":{"rendered":"\u00a1APLICAR\u00c1 SANCIONES! Gian Carlo Di Martino califica de \u00abarbitrario\u00bb incremento unilateral del pasaje en Maracaibo"},"content":{"rendered":"\n<p><strong>ENTRE TORMENTAS. <\/strong>El alcalde de Maracaibo, Gian Carlo Di Martino, fijo posici\u00f3n este lunes en contra del aumento del pasaje del transporte p\u00fablico en la ciudad, el cual comenz\u00f3 a cobrar el transporte p\u00fablico de forma unilateral, por lo que lo calific\u00f3 de \u00abmedida arbitraria\u00bb y sin autorizaci\u00f3n.<\/p>\n\n\n\n<p>El mandatario local anunci\u00f3 una serie de acciones contundentes para garantizar que los transportistas respeten la tarifa oficialmente establecida y autorizada.<\/p>\n\n\n\n<p>Di Martino inform\u00f3 que se desplegar\u00e1n equipos de fiscalizaci\u00f3n del Instituto Municipal de Transporte Colectivo Urbano de Maracaibo (Imtcuma) y de la Polic\u00eda de Maracaibo (Polimaracaibo) para verificar que los conductores cumplan con la tarifa vigente. El alcalde fue enf\u00e1tico al declarar que no tolerar\u00e1 abusos contra la ciudadan\u00eda.<\/p>\n\n\n\n<p>En burgomaestre tiene previsto reunirse con representantes del sector transporte para buscar un punto de acuerdo. Sin embargo, lanz\u00f3 una advertencia a los transportistas: \u00abA los abusadores se les va a montar un polic\u00eda vestido de civil y si est\u00e1 cobrando un incremento no autorizado, ser\u00e1 sancionado y despu\u00e9s a llorar al valle\u00bb, concluy\u00f3 Di Martino.<br><strong><em>ET \/ Nota de Prensa<\/em><\/strong><\/p>\n","protected":false},"excerpt":{"rendered":"<p>ENTRE TORMENTAS. El alcalde de Maracaibo, Gian Carlo Di Martino, fijo posici\u00f3n este lunes en&#8230;<\/p>\n","protected":false},"author":2,"featured_media":20399,"comment_status":"closed","ping_status":"open","sticky":false,"template":"","format":"standard","meta":{"footnotes":""},"categories":[57,1],"tags":[],"class_list":["post-20398","post","type-post","status-publish","format-standard","has-post-thumbnail","hentry","category-actualidad","category-regionales"],"_links":{"self":[{"href":"https:\/\/entretormentas.com\/index.php?rest_route=\/wp\/v2\/posts\/20398","targetHints":{"allow":["GET"]}}],"collection":[{"href":"https:\/\/entretormentas.com\/index.php?rest_route=\/wp\/v2\/posts"}],"about":[{"href":"https:\/\/entretormentas.com\/index.php?rest_route=\/wp\/v2\/types\/post"}],"author":[{"embeddable":true,"href":"https:\/\/entretormentas.com\/index.php?rest_route=\/wp\/v2\/users\/2"}],"replies":[{"embeddable":true,"href":"https:\/\/entretormentas.com\/index.php?rest_route=%2Fwp%2Fv2%2Fcomments&post=20398"}],"version-history":[{"count":1,"href":"https:\/\/entretormentas.com\/index.php?rest_route=\/wp\/v2\/posts\/20398\/revisions"}],"predecessor-version":[{"id":20400,"href":"https:\/\/entretormentas.com\/index.php?rest_route=\/wp\/v2\/posts\/20398\/revisions\/20400"}],"wp:featuredmedia":[{"embeddable":true,"href":"https:\/\/entretormentas.com\/index.php?rest_route=\/wp\/v2\/media\/20399"}],"wp:attachment":[{"href":"https:\/\/entretormentas.com\/index.php?rest_route=%2Fwp%2Fv2%2Fmedia&parent=20398"}],"wp:term":[{"taxonomy":"category","embeddable":true,"href":"https:\/\/entretormentas.com\/index.php?rest_route=%2Fwp%2Fv2%2Fcategories&post=20398"},{"taxonomy":"post_tag","embeddable":true,"href":"https:\/\/entretormentas.com\/index.php?rest_route=%2Fwp%2Fv2%2Ftags&post=20398"}],"curies":[{"name":"wp","href":"https:\/\/api.w.org\/{rel}","templated":true}]}}