{"id":20401,"date":"2025-08-12T10:46:22","date_gmt":"2025-08-12T08:46:22","guid":{"rendered":"https:\/\/entretormentas.com\/?p=20401"},"modified":"2025-08-12T10:46:22","modified_gmt":"2025-08-12T08:46:22","slug":"de-gira-en-el-sur-del-lago-el-gobernador-luis-caldera-realiza-jornada-de-trabajo-por-la-salud-en-el-municipio-colon","status":"publish","type":"post","link":"https:\/\/entretormentas.com\/de-gira-en-el-sur-del-lago-el-gobernador-luis-caldera-realiza-jornada-de-trabajo-por-la-salud-en-el-municipio-colon\/","title":{"rendered":"\u00a1DE GIRA EN EL SUR DEL LAGO! El gobernador Luis Caldera realiza Jornada de Trabajo por la Salud en el municipio Col\u00f3n"},"content":{"rendered":"\n<p><strong>ENTRE TORMENTAS.<\/strong> Una intensa jornada de trabajo de Gobierno en la calle, realiz\u00f3 este lunes 11 de agosto el gobernador Luis Caldera en el municipio Col\u00f3n, donde abord\u00f3 el tema de la salud con el comienzo del Plan Quir\u00fargico del Ipasme, el inicio de la rehabilitaci\u00f3n del Hospital III Santa B\u00e1rbara, mediante el Plan Cayapa y la reinauguraci\u00f3n del Centro de Diagn\u00f3stico Integral (CDI) Sim\u00f3n Bol\u00edvar.<\/p>\n\n\n\n<p>La ruta, en la que el mandatario regional estuvo acompa\u00f1ado de la alcaldesa de Col\u00f3n y de Catatumbo, Misleidy Ortigoza y Wilmer Ariza, respectivamente; la Autoridad \u00danica y secretaria de Salud del Zulia, Noly Fern\u00e1ndez, personal sanitario y el Poder Popular, dio inicio en la jornada del Plan Quir\u00fargico dirigido al personal del magisterio zuliano en el CDI Hugo Ch\u00e1vez, donde fueron resueltos 143 casos en distintas patolog\u00edas.<\/p>\n\n\n\n<figure class=\"wp-block-image size-large\"><img fetchpriority=\"high\" decoding=\"async\" width=\"1024\" height=\"683\" src=\"https:\/\/entretormentas.com\/wp-content\/uploads\/2025\/08\/lcsurfel2-1024x683.jpeg\" alt=\"\" class=\"wp-image-20402\" srcset=\"https:\/\/entretormentas.com\/wp-content\/uploads\/2025\/08\/lcsurfel2-1024x683.jpeg 1024w, https:\/\/entretormentas.com\/wp-content\/uploads\/2025\/08\/lcsurfel2-300x200.jpeg 300w, https:\/\/entretormentas.com\/wp-content\/uploads\/2025\/08\/lcsurfel2-768x512.jpeg 768w, https:\/\/entretormentas.com\/wp-content\/uploads\/2025\/08\/lcsurfel2.jpeg 1280w\" sizes=\"(max-width: 1024px) 100vw, 1024px\" \/><\/figure>\n\n\n\n<p>El gobernador destac\u00f3 la uni\u00f3n del personal del Ipasme, el Ministerio de Educaci\u00f3n, la Gobernaci\u00f3n Bolivariana del Zulia, la Alcald\u00eda Bolivariana de Col\u00f3n y la Misi\u00f3n Barrio Adentro, y todo el personal de sanitario para cumplir \u201ccon un solo latido, como lo es la atenci\u00f3n del pueblo\u201d.<\/p>\n\n\n\n<p>Adelant\u00f3 que, para finales de agosto, se tiene planteado, un nuevo plan quir\u00fargico para atender 200 casos, as\u00ed como la intervenci\u00f3n de 600 cataratas en todo el Sur del Lago.<\/p>\n\n\n\n<p><strong>PLAN CAYAPA EN EL HOSPITAL SANTA B\u00c1RBARA<\/strong><br>El Plan Cayapa de la Salud lleg\u00f3 al Hospital Santa B\u00e1rbara, donde, detall\u00f3 el gobernador Caldera, junto al Gobierno Bolivariano del presidente Nicol\u00e1s Maduro y la alcald\u00eda colonesa, dieron el arranque a las obras de rehabilitaci\u00f3n en los pisos 4 y 5, la impermeabilizaci\u00f3n de cuatro mil metros cuadrado de techo y la entrega de 150 toneladas de aire acondicionado para climatizar las diferentes \u00e1reas.<\/p>\n\n\n\n<p>Tambi\u00e9n el Plan Cayapa incluye la intervenci\u00f3n del ascensor, las \u00e1reas de pabell\u00f3n, la Unidad de Cuidados Intensivos (UCI), hospitalizaci\u00f3n, traumatolog\u00eda, sala de parto y consulta externa.<\/p>\n\n\n\n<figure class=\"wp-block-image size-large\"><img decoding=\"async\" width=\"1024\" height=\"683\" src=\"https:\/\/entretormentas.com\/wp-content\/uploads\/2025\/08\/lcsurfel3-1024x683.jpeg\" alt=\"\" class=\"wp-image-20403\" srcset=\"https:\/\/entretormentas.com\/wp-content\/uploads\/2025\/08\/lcsurfel3-1024x683.jpeg 1024w, https:\/\/entretormentas.com\/wp-content\/uploads\/2025\/08\/lcsurfel3-300x200.jpeg 300w, https:\/\/entretormentas.com\/wp-content\/uploads\/2025\/08\/lcsurfel3-768x512.jpeg 768w, https:\/\/entretormentas.com\/wp-content\/uploads\/2025\/08\/lcsurfel3.jpeg 1280w\" sizes=\"(max-width: 1024px) 100vw, 1024px\" \/><\/figure>\n\n\n\n<p>Destac\u00f3 que este centro hospitalario. Que es epicentro de la salud de todo el Sur del Lago, contaba con 18 a\u00f1os en abandono total.<\/p>\n\n\n\n<p>La gira del lunes de la salud fue cerrada, con la entrega de del CDI Sim\u00f3n Bol\u00edvar en la poblaci\u00f3n de San Carlos, donde acompa\u00f1\u00f3 la directora del mismo, Ana Perozo y el equipo de la Secretar\u00eda de Salud.<\/p>\n\n\n\n<p>\u201cLa salud es una prioridad y por eso estamos desplegando este plan de la salud, que incluye atenci\u00f3n a 19 hospitales, intervenci\u00f3n de catarata, el Plan Quir\u00fargico Nacional, la atenci\u00f3n a los pacientes oncol\u00f3gicos, a los pacientes que tienen cardiopat\u00edas, a los que tienen di\u00e1lisis en nuestros centros de salud\u201d, enfatiz\u00f3.<br><strong><em>ET \/ Nota de Prensa<\/em><\/strong><\/p>\n\n\n\n<p><\/p>\n","protected":false},"excerpt":{"rendered":"<p>ENTRE TORMENTAS. Una intensa jornada de trabajo de Gobierno en la calle, realiz\u00f3 este lunes&#8230;<\/p>\n","protected":false},"author":2,"featured_media":20404,"comment_status":"closed","ping_status":"open","sticky":false,"template":"","format":"standard","meta":{"footnotes":""},"categories":[56,1],"tags":[],"class_list":["post-20401","post","type-post","status-publish","format-standard","has-post-thumbnail","hentry","category-destacadas","category-regionales"],"_links":{"self":[{"href":"https:\/\/entretormentas.com\/index.php?rest_route=\/wp\/v2\/posts\/20401","targetHints":{"allow":["GET"]}}],"collection":[{"href":"https:\/\/entretormentas.com\/index.php?rest_route=\/wp\/v2\/posts"}],"about":[{"href":"https:\/\/entretormentas.com\/index.php?rest_route=\/wp\/v2\/types\/post"}],"author":[{"embeddable":true,"href":"https:\/\/entretormentas.com\/index.php?rest_route=\/wp\/v2\/users\/2"}],"replies":[{"embeddable":true,"href":"https:\/\/entretormentas.com\/index.php?rest_route=%2Fwp%2Fv2%2Fcomments&post=20401"}],"version-history":[{"count":1,"href":"https:\/\/entretormentas.com\/index.php?rest_route=\/wp\/v2\/posts\/20401\/revisions"}],"predecessor-version":[{"id":20405,"href":"https:\/\/entretormentas.com\/index.php?rest_route=\/wp\/v2\/posts\/20401\/revisions\/20405"}],"wp:featuredmedia":[{"embeddable":true,"href":"https:\/\/entretormentas.com\/index.php?rest_route=\/wp\/v2\/media\/20404"}],"wp:attachment":[{"href":"https:\/\/entretormentas.com\/index.php?rest_route=%2Fwp%2Fv2%2Fmedia&parent=20401"}],"wp:term":[{"taxonomy":"category","embeddable":true,"href":"https:\/\/entretormentas.com\/index.php?rest_route=%2Fwp%2Fv2%2Fcategories&post=20401"},{"taxonomy":"post_tag","embeddable":true,"href":"https:\/\/entretormentas.com\/index.php?rest_route=%2Fwp%2Fv2%2Ftags&post=20401"}],"curies":[{"name":"wp","href":"https:\/\/api.w.org\/{rel}","templated":true}]}}