{"id":20410,"date":"2025-08-13T09:12:37","date_gmt":"2025-08-13T07:12:37","guid":{"rendered":"https:\/\/entretormentas.com\/?p=20410"},"modified":"2025-08-13T09:12:48","modified_gmt":"2025-08-13T07:12:48","slug":"de-la-empresa-mocasa-la-nueva-harina-aveiro-para-pizza-llega-para-deleitar-el-paladar-de-los-marabinos","status":"publish","type":"post","link":"https:\/\/entretormentas.com\/de-la-empresa-mocasa-la-nueva-harina-aveiro-para-pizza-llega-para-deleitar-el-paladar-de-los-marabinos\/","title":{"rendered":"\u00a1DE LA EMPRESA MOCASA! La nueva Harina Aveiro para Pizza llega para deleitar el paladar de los marabinos"},"content":{"rendered":"\n<p><strong>ENTRE TORMENTAS.<\/strong> La empresa MOCASA realiz\u00f3, este martes, la presentaci\u00f3n oficial a la prensa zuliana, de su nueva Harina Aveiro para Pizza. El evento, dirigido a medios de comunicaci\u00f3n, se llev\u00f3 a cabo en la ciudad de Maracaibo, y contin\u00faa marcando el rumbo de una nueva etapa en la diversificaci\u00f3n de productos de la reconocida empresa.<\/p>\n\n\n\n<p>Durante la actividad, la gerencia de MOCASA dio a conocer los detalles de esta innovadora harina, que se posiciona como la primera formulaci\u00f3n altamente tecnificada en el mercado venezolano, fabricada en territorio carabobe\u00f1o y dise\u00f1ada espec\u00edficamente para la elaboraci\u00f3n de pizzas.<\/p>\n\n\n\n<figure class=\"wp-block-image size-full\"><img fetchpriority=\"high\" decoding=\"async\" width=\"577\" height=\"470\" src=\"https:\/\/entretormentas.com\/wp-content\/uploads\/2025\/08\/alveiro2.jpeg\" alt=\"\" class=\"wp-image-20411\" srcset=\"https:\/\/entretormentas.com\/wp-content\/uploads\/2025\/08\/alveiro2.jpeg 577w, https:\/\/entretormentas.com\/wp-content\/uploads\/2025\/08\/alveiro2-300x244.jpeg 300w\" sizes=\"(max-width: 577px) 100vw, 577px\" \/><\/figure>\n\n\n\n<p>El producto ha sido desarrollado bajo los m\u00e1s altos est\u00e1ndares de calidad, con tecnolog\u00edas que responden a las necesidades del consumidor local.<\/p>\n\n\n\n<p>Gianni Basile, presidente de MOCASA, explic\u00f3 que este lanzamiento responde a una demanda que ha ido en aumento. \u201cCon la salida al mercado de la harina panadera en presentaci\u00f3n de un kilo, detectamos que el consumidor venezolano est\u00e1 buscando productos m\u00e1s especializados. Ya este a\u00f1o lanzamos la harina integral de un kilo, y ahora apostamos por esta nueva propuesta dirigida al mundo de la pizza y sus derivados\u201d, afirm\u00f3.<\/p>\n\n\n\n<p>El encargado de presentar el nuevo producto fue el reconocido maestro panadero Nelson \u201cPocho\u201d Su\u00e1rez, quien destac\u00f3 la calidad t\u00e9cnica y sensorial de la harina. \u201cTiene un perfume excepcional, una extensibilidad de primera, y permite lograr pizzas, focaccias y otras preparaciones con resultados superiores\u201d, afirm\u00f3 Su\u00e1rez durante su demostraci\u00f3n ante los medios.<\/p>\n\n\n\n<figure class=\"wp-block-image size-full\"><img decoding=\"async\" width=\"720\" height=\"780\" src=\"https:\/\/entretormentas.com\/wp-content\/uploads\/2025\/08\/alveiro3.jpeg\" alt=\"\" class=\"wp-image-20412\" srcset=\"https:\/\/entretormentas.com\/wp-content\/uploads\/2025\/08\/alveiro3.jpeg 720w, https:\/\/entretormentas.com\/wp-content\/uploads\/2025\/08\/alveiro3-277x300.jpeg 277w\" sizes=\"(max-width: 720px) 100vw, 720px\" \/><\/figure>\n\n\n\n<p>Tambi\u00e9n estuvo presente, como parte del lanzamiento de Harina AVEIRO para Pizza, el maestro pizzero, y destacado panadero zuliano, Christian Galu\u00e9. Para \u00e9l, la formula de esta harina cumple con los est\u00e1ndares internacionales de una harina especializada para hacer pizzas. \u201cLo mejor de todo es que, al ser nacional, nos llega m\u00e1s fresca, lo que garantiza una estabilidad en los productos y por supuesto es m\u00e1s asequible.\u201d.<\/p>\n\n\n\n<p>Este evento forma parte de un plan nacional de lanzamientos y capacitaciones que la empresa tiene viene desarrollando en distintas ciudades del pa\u00eds, con el objetivo de fortalecer el conocimiento t\u00e9cnico de panaderos, pasteleros y pizzeros venezolanos.<\/p>\n\n\n\n<p>Con esta nueva harina para pizza, Harina Aveiro y MOCASA contin\u00faan consolidando su presencia en el mercado con propuestas innovadoras, adaptadas a las exigencias de los profesionales del pan y la gastronom\u00eda.<br><strong><em>ET \/ Nota de Prensa<\/em><\/strong><\/p>\n\n\n\n<p><\/p>\n","protected":false},"excerpt":{"rendered":"<p>ENTRE TORMENTAS. La empresa MOCASA realiz\u00f3, este martes, la presentaci\u00f3n oficial a la prensa zuliana,&#8230;<\/p>\n","protected":false},"author":2,"featured_media":20413,"comment_status":"closed","ping_status":"open","sticky":false,"template":"","format":"standard","meta":{"footnotes":""},"categories":[57,1],"tags":[],"class_list":["post-20410","post","type-post","status-publish","format-standard","has-post-thumbnail","hentry","category-actualidad","category-regionales"],"_links":{"self":[{"href":"https:\/\/entretormentas.com\/index.php?rest_route=\/wp\/v2\/posts\/20410","targetHints":{"allow":["GET"]}}],"collection":[{"href":"https:\/\/entretormentas.com\/index.php?rest_route=\/wp\/v2\/posts"}],"about":[{"href":"https:\/\/entretormentas.com\/index.php?rest_route=\/wp\/v2\/types\/post"}],"author":[{"embeddable":true,"href":"https:\/\/entretormentas.com\/index.php?rest_route=\/wp\/v2\/users\/2"}],"replies":[{"embeddable":true,"href":"https:\/\/entretormentas.com\/index.php?rest_route=%2Fwp%2Fv2%2Fcomments&post=20410"}],"version-history":[{"count":1,"href":"https:\/\/entretormentas.com\/index.php?rest_route=\/wp\/v2\/posts\/20410\/revisions"}],"predecessor-version":[{"id":20414,"href":"https:\/\/entretormentas.com\/index.php?rest_route=\/wp\/v2\/posts\/20410\/revisions\/20414"}],"wp:featuredmedia":[{"embeddable":true,"href":"https:\/\/entretormentas.com\/index.php?rest_route=\/wp\/v2\/media\/20413"}],"wp:attachment":[{"href":"https:\/\/entretormentas.com\/index.php?rest_route=%2Fwp%2Fv2%2Fmedia&parent=20410"}],"wp:term":[{"taxonomy":"category","embeddable":true,"href":"https:\/\/entretormentas.com\/index.php?rest_route=%2Fwp%2Fv2%2Fcategories&post=20410"},{"taxonomy":"post_tag","embeddable":true,"href":"https:\/\/entretormentas.com\/index.php?rest_route=%2Fwp%2Fv2%2Ftags&post=20410"}],"curies":[{"name":"wp","href":"https:\/\/api.w.org\/{rel}","templated":true}]}}