{"id":20415,"date":"2025-08-13T09:20:01","date_gmt":"2025-08-13T07:20:01","guid":{"rendered":"https:\/\/entretormentas.com\/?p=20415"},"modified":"2025-08-13T09:20:02","modified_gmt":"2025-08-13T07:20:02","slug":"apostando-a-venezuela-inces-zulia-gradua-389-bachilleres-productivos-comprometidos-con-el-futuro-de-la-nacion","status":"publish","type":"post","link":"https:\/\/entretormentas.com\/apostando-a-venezuela-inces-zulia-gradua-389-bachilleres-productivos-comprometidos-con-el-futuro-de-la-nacion\/","title":{"rendered":"\u00a1APOSTANDO A VENEZUELA! Inces Zulia grad\u00faa 389 Bachilleres Productivos comprometidos con el futuro de la naci\u00f3n"},"content":{"rendered":"\n<p><strong>ENTRE TORMENTAS. <\/strong>En una emotiva ceremonia, 389 j\u00f3venes se graduaron como Bachilleres Productivos del Instituto Nacional de Capacitaci\u00f3n y Educaci\u00f3n Socialista (Inces), marcando el inicio de una nueva etapa de profesionalizaci\u00f3n y servicio para el desarrollo de la regi\u00f3n.<\/p>\n\n\n\n<p>El acto, celebrado en la sede de PDVSA &#8211; La Estancia, destac\u00f3 la importancia de la educaci\u00f3n universitaria como pilar fundamental para el futuro de Venezuela.<\/p>\n\n\n\n<figure class=\"wp-block-image size-large\"><img fetchpriority=\"high\" decoding=\"async\" width=\"1024\" height=\"680\" src=\"https:\/\/entretormentas.com\/wp-content\/uploads\/2025\/08\/inces2-1024x680.jpeg\" alt=\"\" class=\"wp-image-20416\" srcset=\"https:\/\/entretormentas.com\/wp-content\/uploads\/2025\/08\/inces2-1024x680.jpeg 1024w, https:\/\/entretormentas.com\/wp-content\/uploads\/2025\/08\/inces2-300x199.jpeg 300w, https:\/\/entretormentas.com\/wp-content\/uploads\/2025\/08\/inces2-768x510.jpeg 768w, https:\/\/entretormentas.com\/wp-content\/uploads\/2025\/08\/inces2.jpeg 1080w\" sizes=\"(max-width: 1024px) 100vw, 1024px\" \/><\/figure>\n\n\n\n<p>El evento fue presidido por el gerente regional del Inces, Jos\u00e9 Vicente Farias, junto a Irene Moreno; el secretario de Educaci\u00f3n Superior y la secretaria de Educaci\u00f3n de la Gobernaci\u00f3n del Zulia, Enrique Parra, y Yamily Su\u00e1rez, respectivamente; y el concejal por el municipio Maracaibo, Jos\u00e9 de Jes\u00fas Villasmil, quienes reconocieron el gran logro de los graduandos.<\/p>\n\n\n\n<p>Enrique Parra, en representaci\u00f3n del gobernador del Zulia, Luis Caldera, ofreci\u00f3 un mensaje inspirador a los j\u00f3venes, invit\u00e1ndolos a continuar su formaci\u00f3n universitaria. \u00abUstedes son la cara individual del futuro, pero juntos, son el rostro colectivo de la nueva generaci\u00f3n que comienza a asumir la conducci\u00f3n de este pa\u00eds, ustedes son los verdaderos protagonistas de la nueva etapa que la naci\u00f3n necesita, para su desarrollo, construcci\u00f3n y el nuevo liderazgo\u201d.<\/p>\n\n\n\n<figure class=\"wp-block-image size-large\"><img decoding=\"async\" width=\"1024\" height=\"680\" src=\"https:\/\/entretormentas.com\/wp-content\/uploads\/2025\/08\/inces4-1024x680.jpeg\" alt=\"\" class=\"wp-image-20417\" srcset=\"https:\/\/entretormentas.com\/wp-content\/uploads\/2025\/08\/inces4-1024x680.jpeg 1024w, https:\/\/entretormentas.com\/wp-content\/uploads\/2025\/08\/inces4-300x199.jpeg 300w, https:\/\/entretormentas.com\/wp-content\/uploads\/2025\/08\/inces4-768x510.jpeg 768w, https:\/\/entretormentas.com\/wp-content\/uploads\/2025\/08\/inces4.jpeg 1080w\" sizes=\"(max-width: 1024px) 100vw, 1024px\" \/><\/figure>\n\n\n\n<p>El director regional del Inces Zulia, Far\u00edas, resalt\u00f3 el compromiso de los 192 graduandos, provenientes de los Centros de Formaci\u00f3n de Artes Gr\u00e1ficas, Bella Vista II, Haticos Maracaibo y Panamericano Construcci\u00f3n. Subray\u00f3 que estos j\u00f3venes han demostrado un gran inter\u00e9s en transformar sus vidas con el apoyo de sus familias y el estado venezolano, encabezado por el presidente Nicol\u00e1s Maduro, que les ofrece oportunidad a los j\u00f3venes de una educaci\u00f3n gratuita y de calidad.<\/p>\n\n\n\n<p>Al cierre, los aplausos y l\u00e1grimas llenaron el sal\u00f3n con las emotivas palabras del bachiller Rey S\u00e1nchez Fuenmayor, quien en nombre de sus compa\u00f1eros, cerr\u00f3 el evento con una frase del Maestro Luis Beltr\u00e1n Prieto Figueroa: \u00abEducar no es s\u00f3lo transmitir conocimientos, es formar hombres libres, conscientes y responsables\u00bb, palabras que subrayan el valor de la formaci\u00f3n integral que el Inces como una inversi\u00f3n crucial en el capital humano del pa\u00eds.<br><strong><em>ET \/ Nota de Prensa<\/em><\/strong><\/p>\n\n\n\n<p><\/p>\n","protected":false},"excerpt":{"rendered":"<p>ENTRE TORMENTAS. En una emotiva ceremonia, 389 j\u00f3venes se graduaron como Bachilleres Productivos del Instituto&#8230;<\/p>\n","protected":false},"author":2,"featured_media":20418,"comment_status":"closed","ping_status":"open","sticky":false,"template":"","format":"standard","meta":{"footnotes":""},"categories":[57,1],"tags":[],"class_list":["post-20415","post","type-post","status-publish","format-standard","has-post-thumbnail","hentry","category-actualidad","category-regionales"],"_links":{"self":[{"href":"https:\/\/entretormentas.com\/index.php?rest_route=\/wp\/v2\/posts\/20415","targetHints":{"allow":["GET"]}}],"collection":[{"href":"https:\/\/entretormentas.com\/index.php?rest_route=\/wp\/v2\/posts"}],"about":[{"href":"https:\/\/entretormentas.com\/index.php?rest_route=\/wp\/v2\/types\/post"}],"author":[{"embeddable":true,"href":"https:\/\/entretormentas.com\/index.php?rest_route=\/wp\/v2\/users\/2"}],"replies":[{"embeddable":true,"href":"https:\/\/entretormentas.com\/index.php?rest_route=%2Fwp%2Fv2%2Fcomments&post=20415"}],"version-history":[{"count":1,"href":"https:\/\/entretormentas.com\/index.php?rest_route=\/wp\/v2\/posts\/20415\/revisions"}],"predecessor-version":[{"id":20419,"href":"https:\/\/entretormentas.com\/index.php?rest_route=\/wp\/v2\/posts\/20415\/revisions\/20419"}],"wp:featuredmedia":[{"embeddable":true,"href":"https:\/\/entretormentas.com\/index.php?rest_route=\/wp\/v2\/media\/20418"}],"wp:attachment":[{"href":"https:\/\/entretormentas.com\/index.php?rest_route=%2Fwp%2Fv2%2Fmedia&parent=20415"}],"wp:term":[{"taxonomy":"category","embeddable":true,"href":"https:\/\/entretormentas.com\/index.php?rest_route=%2Fwp%2Fv2%2Fcategories&post=20415"},{"taxonomy":"post_tag","embeddable":true,"href":"https:\/\/entretormentas.com\/index.php?rest_route=%2Fwp%2Fv2%2Ftags&post=20415"}],"curies":[{"name":"wp","href":"https:\/\/api.w.org\/{rel}","templated":true}]}}