{"id":20420,"date":"2025-08-13T09:29:24","date_gmt":"2025-08-13T07:29:24","guid":{"rendered":"https:\/\/entretormentas.com\/?p=20420"},"modified":"2025-08-13T09:29:24","modified_gmt":"2025-08-13T07:29:24","slug":"sustituye-a-nestor-revero-francisco-ameliach-es-designado-como-nuevo-presidente-de-corpozulia","status":"publish","type":"post","link":"https:\/\/entretormentas.com\/sustituye-a-nestor-revero-francisco-ameliach-es-designado-como-nuevo-presidente-de-corpozulia\/","title":{"rendered":"\u00a1SUSTITUYE A N\u00c9STOR REVERO! Francisco Ameliach es designado como nuevo presidente de Corpozulia"},"content":{"rendered":"\n<p><strong>ENTRE TORMENTAS.<\/strong> El exdiputado Francisco Ameliach fue designado como el nuevo presidente de la Corporaci\u00f3n de Desarrollo de la Regi\u00f3n Zuliana (Corpozulia).<\/p>\n\n\n\n<p>Tras la designaci\u00f3n, la Asamblea Nacional de Venezuela aprob\u00f3 la separaci\u00f3n temporal del diputado Francisco Ameliach de su curul legislativo.<\/p>\n\n\n\n<p>Ameliach, exgobernador del estado Carabobo, ha sido un dirigente de larga trayectoria en el Partido Socialista Unido de Venezuela (PSUV).<\/p>\n\n\n\n<p>La decisi\u00f3n parlamentaria fue respaldada por la mayor\u00eda de los diputados durante la sesi\u00f3n ordinaria, presidida por Jorge Rodr\u00edguez, quien destac\u00f3 la importancia de que Ameliach asuma de inmediato sus funciones ejecutivas en Corpozulia.<\/p>\n\n\n\n<p>Es de destacar que la presidencia de Corpozulia estuvo a cargo del pol\u00edtico y militar venezolano, N\u00e9stor Reverol.<br><strong><em>ET \/ La Otra Version<\/em><\/strong><\/p>\n","protected":false},"excerpt":{"rendered":"<p>ENTRE TORMENTAS. El exdiputado Francisco Ameliach fue designado como el nuevo presidente de la Corporaci\u00f3n&#8230;<\/p>\n","protected":false},"author":2,"featured_media":20421,"comment_status":"closed","ping_status":"open","sticky":false,"template":"","format":"standard","meta":{"footnotes":""},"categories":[57,1],"tags":[],"class_list":["post-20420","post","type-post","status-publish","format-standard","has-post-thumbnail","hentry","category-actualidad","category-regionales"],"_links":{"self":[{"href":"https:\/\/entretormentas.com\/index.php?rest_route=\/wp\/v2\/posts\/20420","targetHints":{"allow":["GET"]}}],"collection":[{"href":"https:\/\/entretormentas.com\/index.php?rest_route=\/wp\/v2\/posts"}],"about":[{"href":"https:\/\/entretormentas.com\/index.php?rest_route=\/wp\/v2\/types\/post"}],"author":[{"embeddable":true,"href":"https:\/\/entretormentas.com\/index.php?rest_route=\/wp\/v2\/users\/2"}],"replies":[{"embeddable":true,"href":"https:\/\/entretormentas.com\/index.php?rest_route=%2Fwp%2Fv2%2Fcomments&post=20420"}],"version-history":[{"count":1,"href":"https:\/\/entretormentas.com\/index.php?rest_route=\/wp\/v2\/posts\/20420\/revisions"}],"predecessor-version":[{"id":20422,"href":"https:\/\/entretormentas.com\/index.php?rest_route=\/wp\/v2\/posts\/20420\/revisions\/20422"}],"wp:featuredmedia":[{"embeddable":true,"href":"https:\/\/entretormentas.com\/index.php?rest_route=\/wp\/v2\/media\/20421"}],"wp:attachment":[{"href":"https:\/\/entretormentas.com\/index.php?rest_route=%2Fwp%2Fv2%2Fmedia&parent=20420"}],"wp:term":[{"taxonomy":"category","embeddable":true,"href":"https:\/\/entretormentas.com\/index.php?rest_route=%2Fwp%2Fv2%2Fcategories&post=20420"},{"taxonomy":"post_tag","embeddable":true,"href":"https:\/\/entretormentas.com\/index.php?rest_route=%2Fwp%2Fv2%2Ftags&post=20420"}],"curies":[{"name":"wp","href":"https:\/\/api.w.org\/{rel}","templated":true}]}}