{"id":20423,"date":"2025-08-13T09:37:32","date_gmt":"2025-08-13T07:37:32","guid":{"rendered":"https:\/\/entretormentas.com\/?p=20423"},"modified":"2025-08-13T09:37:32","modified_gmt":"2025-08-13T07:37:32","slug":"en-la-alcaldia-de-san-francisco-concejo-municipal-designa-director-de-talento-humano-y-administrador-para-el-periodo-2025-2026","status":"publish","type":"post","link":"https:\/\/entretormentas.com\/en-la-alcaldia-de-san-francisco-concejo-municipal-designa-director-de-talento-humano-y-administrador-para-el-periodo-2025-2026\/","title":{"rendered":"\u00a1EN LA ALCALD\u00cdA DE SAN FRANCISCO! Concejo Municipal designa Director de Talento Humano y Administrador para el per\u00edodo 2025 &#8211; 2026"},"content":{"rendered":"\n<p><strong>ENTRE TORMENTAS. <\/strong>Este martes 12 de agosto, en la sede del ayuntamiento sure\u00f1o, en sesi\u00f3n ordinaria realizada por el Concejo Municipal de San Francisco, fueron nombrados y juramentados por unanimidad, el nuevo Director de Talento Humano y Administrador para el periodo 2025 &#8211; 2026.<\/p>\n\n\n\n<figure class=\"wp-block-image size-large\"><img fetchpriority=\"high\" decoding=\"async\" width=\"1024\" height=\"682\" src=\"https:\/\/entretormentas.com\/wp-content\/uploads\/2025\/08\/nuevos2-1024x682.jpeg\" alt=\"\" class=\"wp-image-20424\" srcset=\"https:\/\/entretormentas.com\/wp-content\/uploads\/2025\/08\/nuevos2-1024x682.jpeg 1024w, https:\/\/entretormentas.com\/wp-content\/uploads\/2025\/08\/nuevos2-300x200.jpeg 300w, https:\/\/entretormentas.com\/wp-content\/uploads\/2025\/08\/nuevos2-768x511.jpeg 768w, https:\/\/entretormentas.com\/wp-content\/uploads\/2025\/08\/nuevos2.jpeg 1280w\" sizes=\"(max-width: 1024px) 100vw, 1024px\" \/><\/figure>\n\n\n\n<p>Lerry P\u00e9rez, presidente del Consejo Municipal inform\u00f3 que Javier Colmenares, fue nombrado como nuevo Director de Talento Humano por los concejales del ente legislador. De igual forma, fue designado Jhonny Gil, como Administrador.<\/p>\n\n\n\n<p>\u00abEstamos en una sencilla revisi\u00f3n administrativa, como en toda gesti\u00f3n p\u00fablica se hace, adem\u00e1s de la verificaci\u00f3n de todo el personal que hace vida en la C\u00e1mara, en cuanto a las comisiones de servicio, estamos trabajando en la conformaci\u00f3n de las mismas y seguimos avanzando\u00bb, informo P\u00e9rez.<\/p>\n\n\n\n<figure class=\"wp-block-image size-large\"><img decoding=\"async\" width=\"1024\" height=\"682\" src=\"https:\/\/entretormentas.com\/wp-content\/uploads\/2025\/08\/nuevos3-1024x682.jpeg\" alt=\"\" class=\"wp-image-20425\" srcset=\"https:\/\/entretormentas.com\/wp-content\/uploads\/2025\/08\/nuevos3-1024x682.jpeg 1024w, https:\/\/entretormentas.com\/wp-content\/uploads\/2025\/08\/nuevos3-300x200.jpeg 300w, https:\/\/entretormentas.com\/wp-content\/uploads\/2025\/08\/nuevos3-768x511.jpeg 768w, https:\/\/entretormentas.com\/wp-content\/uploads\/2025\/08\/nuevos3.jpeg 1280w\" sizes=\"(max-width: 1024px) 100vw, 1024px\" \/><\/figure>\n\n\n\n<p>El presidente del \u00f3rgano legislativo sure\u00f1o asegur\u00f3 adem\u00e1s que \u00abestaremos evaluando ciertas ordenanzas que permitan ajustar el sistema de transporte p\u00fablico, realizando mesas de trabajo y as\u00ed llegar a acuerdos que beneficien a los sanfranciscanos, creando ordenanzas que nos permitan beneficiar a nuestro pueblo\u00bb, culmin\u00f3 Lerry P\u00e9rez.<br><strong><em>ET \/ Nota de Prensa<\/em><\/strong><\/p>\n\n\n\n<p><\/p>\n","protected":false},"excerpt":{"rendered":"<p>ENTRE TORMENTAS. Este martes 12 de agosto, en la sede del ayuntamiento sure\u00f1o, en sesi\u00f3n&#8230;<\/p>\n","protected":false},"author":2,"featured_media":20426,"comment_status":"closed","ping_status":"open","sticky":false,"template":"","format":"standard","meta":{"footnotes":""},"categories":[57,1],"tags":[],"class_list":["post-20423","post","type-post","status-publish","format-standard","has-post-thumbnail","hentry","category-actualidad","category-regionales"],"_links":{"self":[{"href":"https:\/\/entretormentas.com\/index.php?rest_route=\/wp\/v2\/posts\/20423","targetHints":{"allow":["GET"]}}],"collection":[{"href":"https:\/\/entretormentas.com\/index.php?rest_route=\/wp\/v2\/posts"}],"about":[{"href":"https:\/\/entretormentas.com\/index.php?rest_route=\/wp\/v2\/types\/post"}],"author":[{"embeddable":true,"href":"https:\/\/entretormentas.com\/index.php?rest_route=\/wp\/v2\/users\/2"}],"replies":[{"embeddable":true,"href":"https:\/\/entretormentas.com\/index.php?rest_route=%2Fwp%2Fv2%2Fcomments&post=20423"}],"version-history":[{"count":1,"href":"https:\/\/entretormentas.com\/index.php?rest_route=\/wp\/v2\/posts\/20423\/revisions"}],"predecessor-version":[{"id":20427,"href":"https:\/\/entretormentas.com\/index.php?rest_route=\/wp\/v2\/posts\/20423\/revisions\/20427"}],"wp:featuredmedia":[{"embeddable":true,"href":"https:\/\/entretormentas.com\/index.php?rest_route=\/wp\/v2\/media\/20426"}],"wp:attachment":[{"href":"https:\/\/entretormentas.com\/index.php?rest_route=%2Fwp%2Fv2%2Fmedia&parent=20423"}],"wp:term":[{"taxonomy":"category","embeddable":true,"href":"https:\/\/entretormentas.com\/index.php?rest_route=%2Fwp%2Fv2%2Fcategories&post=20423"},{"taxonomy":"post_tag","embeddable":true,"href":"https:\/\/entretormentas.com\/index.php?rest_route=%2Fwp%2Fv2%2Ftags&post=20423"}],"curies":[{"name":"wp","href":"https:\/\/api.w.org\/{rel}","templated":true}]}}