{"id":20431,"date":"2025-08-13T09:43:55","date_gmt":"2025-08-13T07:43:55","guid":{"rendered":"https:\/\/entretormentas.com\/?p=20431"},"modified":"2025-08-13T09:43:56","modified_gmt":"2025-08-13T07:43:56","slug":"apoyo-nacional-viceministro-de-comercio-nacional-articula-acciones-con-alcaldia-de-maracaibo","status":"publish","type":"post","link":"https:\/\/entretormentas.com\/apoyo-nacional-viceministro-de-comercio-nacional-articula-acciones-con-alcaldia-de-maracaibo\/","title":{"rendered":"\u00a1APOYO NACIONAL! Viceministro de Comercio Nacional articula acciones con Alcald\u00eda de Maracaibo"},"content":{"rendered":"\n<p><strong>ENTRE TORMENTAS. <\/strong>Con la finalidad de establecer acciones en materia de comercio exterior, se realiz\u00f3 una reuni\u00f3n entre las autoridades municipales y el gobierno nacional a fin concretar acciones en esta materia en Maracaibo.<\/p>\n\n\n\n<p>El viceministro de Control y Seguimiento del Comercio y la Distribuci\u00f3n, Henry Perdomo, el presidente de la Almacenadora Caracas, Johan Gonz\u00e1lez, el Director regional de Comercio, Nelson Canquiz, Marcos Amaya reci\u00e9n designado Director de Comercio Nacional y Exterior de Maracaibo y el Director del Despacho de la Alcald\u00eda de Maracaibo, Gian Luigi Di Martino, sostuvieron una reuni\u00f3n preparatoria a fin de finiquitar detalles para la instalaci\u00f3n por parte del Ministro de Comercio Nacional de la oficina donde funcionar\u00e1 la Direcci\u00f3n Municipal de Comercio Exterior.<\/p>\n\n\n\n<figure class=\"wp-block-image size-large\"><img fetchpriority=\"high\" decoding=\"async\" width=\"1024\" height=\"585\" src=\"https:\/\/entretormentas.com\/wp-content\/uploads\/2025\/08\/vicemin2-1024x585.jpeg\" alt=\"\" class=\"wp-image-20432\" srcset=\"https:\/\/entretormentas.com\/wp-content\/uploads\/2025\/08\/vicemin2-1024x585.jpeg 1024w, https:\/\/entretormentas.com\/wp-content\/uploads\/2025\/08\/vicemin2-300x171.jpeg 300w, https:\/\/entretormentas.com\/wp-content\/uploads\/2025\/08\/vicemin2-768x439.jpeg 768w, https:\/\/entretormentas.com\/wp-content\/uploads\/2025\/08\/vicemin2.jpeg 1280w\" sizes=\"(max-width: 1024px) 100vw, 1024px\" \/><\/figure>\n\n\n\n<p>Tambi\u00e9n las autoridades nacionales en coordinaci\u00f3n con las municipales realizaron este martes una supervisi\u00f3n a algunos espacios y al mismo tiempo efectuaron una revisi\u00f3n a la sede de la Oficina de Corpoalimentos, adyacente a Sedemat, d\u00f3nde se instalar\u00e1 la Coordinaci\u00f3n del Servicio Aut\u00f3nomo de la Propiedad Intelectual (SAPI), \u00f3rgano dependiente jer\u00e1rquicamente del Ministerio del Poder Popular de Comercio Nacional,<br>y la Almacenadora.<\/p>\n\n\n\n<p>De esta manera se adelantan las acciones para el cumplimiento de la promesa electoral del alcalde Giancarlo Di Martino de crear la Direcci\u00f3n de Comercio Exterior.<br><strong><em>ET \/ Nota de Prensa<\/em><\/strong><\/p>\n","protected":false},"excerpt":{"rendered":"<p>ENTRE TORMENTAS. Con la finalidad de establecer acciones en materia de comercio exterior, se realiz\u00f3&#8230;<\/p>\n","protected":false},"author":2,"featured_media":20433,"comment_status":"closed","ping_status":"open","sticky":false,"template":"","format":"standard","meta":{"footnotes":""},"categories":[57,1],"tags":[],"class_list":["post-20431","post","type-post","status-publish","format-standard","has-post-thumbnail","hentry","category-actualidad","category-regionales"],"_links":{"self":[{"href":"https:\/\/entretormentas.com\/index.php?rest_route=\/wp\/v2\/posts\/20431","targetHints":{"allow":["GET"]}}],"collection":[{"href":"https:\/\/entretormentas.com\/index.php?rest_route=\/wp\/v2\/posts"}],"about":[{"href":"https:\/\/entretormentas.com\/index.php?rest_route=\/wp\/v2\/types\/post"}],"author":[{"embeddable":true,"href":"https:\/\/entretormentas.com\/index.php?rest_route=\/wp\/v2\/users\/2"}],"replies":[{"embeddable":true,"href":"https:\/\/entretormentas.com\/index.php?rest_route=%2Fwp%2Fv2%2Fcomments&post=20431"}],"version-history":[{"count":1,"href":"https:\/\/entretormentas.com\/index.php?rest_route=\/wp\/v2\/posts\/20431\/revisions"}],"predecessor-version":[{"id":20434,"href":"https:\/\/entretormentas.com\/index.php?rest_route=\/wp\/v2\/posts\/20431\/revisions\/20434"}],"wp:featuredmedia":[{"embeddable":true,"href":"https:\/\/entretormentas.com\/index.php?rest_route=\/wp\/v2\/media\/20433"}],"wp:attachment":[{"href":"https:\/\/entretormentas.com\/index.php?rest_route=%2Fwp%2Fv2%2Fmedia&parent=20431"}],"wp:term":[{"taxonomy":"category","embeddable":true,"href":"https:\/\/entretormentas.com\/index.php?rest_route=%2Fwp%2Fv2%2Fcategories&post=20431"},{"taxonomy":"post_tag","embeddable":true,"href":"https:\/\/entretormentas.com\/index.php?rest_route=%2Fwp%2Fv2%2Ftags&post=20431"}],"curies":[{"name":"wp","href":"https:\/\/api.w.org\/{rel}","templated":true}]}}