{"id":20435,"date":"2025-08-13T09:48:07","date_gmt":"2025-08-13T07:48:07","guid":{"rendered":"https:\/\/entretormentas.com\/?p=20435"},"modified":"2025-08-13T09:48:07","modified_gmt":"2025-08-13T07:48:07","slug":"con-operativo-integral-gobernacion-impulsa-recoleccion-de-desechos-en-las-pulgas-santa-rosa-y-la-vereda-2","status":"publish","type":"post","link":"https:\/\/entretormentas.com\/con-operativo-integral-gobernacion-impulsa-recoleccion-de-desechos-en-las-pulgas-santa-rosa-y-la-vereda-2\/","title":{"rendered":"\u00a1CON OPERATIVO INTEGRAL! Gobernaci\u00f3n impulsa recolecci\u00f3n de desechos en Las Pulgas, Santa Rosa y la Vereda 2"},"content":{"rendered":"\n<p><strong>ENTRE TORMENTAS.<\/strong> Las labores de recolecci\u00f3n de desechos s\u00f3lidos se desarrollan, de manera simult\u00e1nea y de la mano de la Gobernaci\u00f3n del Zulia, en tres puntos estrat\u00e9gicos de la ciudad de Maracaibo, gracias a la activaci\u00f3n del despliegue de un operativo integral.<\/p>\n\n\n\n<p>Las acciones se concentraron en la comunidad de Santa Rosa, en las adyacencias del concurrido mercado Las Pulgas y en la Vereda del Lago 2.<\/p>\n\n\n\n<figure class=\"wp-block-image size-large\"><img fetchpriority=\"high\" decoding=\"async\" width=\"1024\" height=\"576\" src=\"https:\/\/entretormentas.com\/wp-content\/uploads\/2025\/08\/limpi1-1024x576.jpeg\" alt=\"\" class=\"wp-image-20436\" srcset=\"https:\/\/entretormentas.com\/wp-content\/uploads\/2025\/08\/limpi1-1024x576.jpeg 1024w, https:\/\/entretormentas.com\/wp-content\/uploads\/2025\/08\/limpi1-300x169.jpeg 300w, https:\/\/entretormentas.com\/wp-content\/uploads\/2025\/08\/limpi1-768x432.jpeg 768w, https:\/\/entretormentas.com\/wp-content\/uploads\/2025\/08\/limpi1.jpeg 1280w\" sizes=\"(max-width: 1024px) 100vw, 1024px\" \/><\/figure>\n\n\n\n<p>La Gobernaci\u00f3n, a trav\u00e9s de la Secretar\u00eda de Ambiente, contin\u00faa, de esa manera, intensificando las jornadas de saneamiento en diversas zonas de la capital zuliana, reafirmando su compromiso con la salud p\u00fablica y la preservaci\u00f3n de los espacios naturales.<\/p>\n\n\n\n<p>Un equipo multidisciplinario de la Gobernaci\u00f3n, dotado de maquinaria pesada y camiones, trabaj\u00f3 en la limpieza profunda del terreno ubicado en la calle 102 de Las Pulgas, donde se recolectaron m\u00e1s de mil toneladas de desechos.<\/p>\n\n\n\n<p>En el sector Santa Rosa se avanz\u00f3 con la jornada de saneamiento ambiental y recolecci\u00f3n de desechos en las orillas del callej\u00f3n Para\u00edso, que afectaban la transitabilidad y salubridad en la zona.<\/p>\n\n\n\n<p>En la Vereda del Lago 2 se realiz\u00f3 barrido manual de aceras y \u00e1reas comunes, retirando grandes vol\u00famenes de basura y escombros. Adem\u00e1s, se plantaron \u00e1rboles en las orillas lacustres.<\/p>\n\n\n\n<figure class=\"wp-block-image size-full\"><img decoding=\"async\" width=\"992\" height=\"744\" src=\"https:\/\/entretormentas.com\/wp-content\/uploads\/2025\/08\/limpi3.jpeg\" alt=\"\" class=\"wp-image-20437\" srcset=\"https:\/\/entretormentas.com\/wp-content\/uploads\/2025\/08\/limpi3.jpeg 992w, https:\/\/entretormentas.com\/wp-content\/uploads\/2025\/08\/limpi3-300x225.jpeg 300w, https:\/\/entretormentas.com\/wp-content\/uploads\/2025\/08\/limpi3-768x576.jpeg 768w\" sizes=\"(max-width: 992px) 100vw, 992px\" \/><\/figure>\n\n\n\n<p>El secretario de Ambiente, Freddy Rodr\u00edguez, destac\u00f3 que estas jornadas forman parte de una pol\u00edtica de gesti\u00f3n ambiental continua y planificada, liderada por el gobernador Luis Caldera.<br>\u00abEstamos desplegados en el territorio, atendiendo el llamado de nuestras comunidades. La limpieza y el ornato de nuestros espacios no es un evento aislado, sino un trabajo constante que llevamos a cabo para garantizar un entorno m\u00e1s digno y saludable para todas las zulianas y los zulianos. Nuestra meta no es solo limpiar, sino tambi\u00e9n concientizar sobre la importancia del correcto manejo de los desechos\u00bb, afirm\u00f3.<\/p>\n\n\n\n<p>La Gobernaci\u00f3n del Zulia reafirma su compromiso con la salud ambiental de la regi\u00f3n y continuar\u00e1, como lo ha instruido el presidente Nicol\u00e1s Maduro, impulsando iniciativas de saneamiento y concientizaci\u00f3n en diferentes puntos del estado.<br><strong><em>ET \/ Nota de Prensa<\/em><\/strong><\/p>\n\n\n\n<p><\/p>\n","protected":false},"excerpt":{"rendered":"<p>ENTRE TORMENTAS. Las labores de recolecci\u00f3n de desechos s\u00f3lidos se desarrollan, de manera simult\u00e1nea y&#8230;<\/p>\n","protected":false},"author":2,"featured_media":20438,"comment_status":"closed","ping_status":"open","sticky":false,"template":"","format":"standard","meta":{"footnotes":""},"categories":[57,1],"tags":[],"class_list":["post-20435","post","type-post","status-publish","format-standard","has-post-thumbnail","hentry","category-actualidad","category-regionales"],"_links":{"self":[{"href":"https:\/\/entretormentas.com\/index.php?rest_route=\/wp\/v2\/posts\/20435","targetHints":{"allow":["GET"]}}],"collection":[{"href":"https:\/\/entretormentas.com\/index.php?rest_route=\/wp\/v2\/posts"}],"about":[{"href":"https:\/\/entretormentas.com\/index.php?rest_route=\/wp\/v2\/types\/post"}],"author":[{"embeddable":true,"href":"https:\/\/entretormentas.com\/index.php?rest_route=\/wp\/v2\/users\/2"}],"replies":[{"embeddable":true,"href":"https:\/\/entretormentas.com\/index.php?rest_route=%2Fwp%2Fv2%2Fcomments&post=20435"}],"version-history":[{"count":1,"href":"https:\/\/entretormentas.com\/index.php?rest_route=\/wp\/v2\/posts\/20435\/revisions"}],"predecessor-version":[{"id":20439,"href":"https:\/\/entretormentas.com\/index.php?rest_route=\/wp\/v2\/posts\/20435\/revisions\/20439"}],"wp:featuredmedia":[{"embeddable":true,"href":"https:\/\/entretormentas.com\/index.php?rest_route=\/wp\/v2\/media\/20438"}],"wp:attachment":[{"href":"https:\/\/entretormentas.com\/index.php?rest_route=%2Fwp%2Fv2%2Fmedia&parent=20435"}],"wp:term":[{"taxonomy":"category","embeddable":true,"href":"https:\/\/entretormentas.com\/index.php?rest_route=%2Fwp%2Fv2%2Fcategories&post=20435"},{"taxonomy":"post_tag","embeddable":true,"href":"https:\/\/entretormentas.com\/index.php?rest_route=%2Fwp%2Fv2%2Ftags&post=20435"}],"curies":[{"name":"wp","href":"https:\/\/api.w.org\/{rel}","templated":true}]}}