{"id":20440,"date":"2025-08-13T09:51:45","date_gmt":"2025-08-13T07:51:45","guid":{"rendered":"https:\/\/entretormentas.com\/?p=20440"},"modified":"2025-08-13T09:51:46","modified_gmt":"2025-08-13T07:51:46","slug":"conformando-equipo-alcalde-de-maracaibo-designa-parte-de-su-gabinete-de-gestion-para-el-periodo-2025-2029","status":"publish","type":"post","link":"https:\/\/entretormentas.com\/conformando-equipo-alcalde-de-maracaibo-designa-parte-de-su-gabinete-de-gestion-para-el-periodo-2025-2029\/","title":{"rendered":"\u00a1CONFORMANDO EQUIPO! Alcalde de Maracaibo designa parte de su gabinete de gesti\u00f3n para el per\u00edodo 2025-2029"},"content":{"rendered":"\n<p><strong>ENTRE TORMENTAS. <\/strong>El alcalde del municipio Maracaibo, Gian Carlo Di Martino, design\u00f3 parte de su gabinete, en cumplimiento del Art. 174 de la Constituci\u00f3n de la Republica Bolivariana de Venezuela, establecido en los art\u00edculos 88, 89 y 95.<\/p>\n\n\n\n<p>El alcalde Di Martino precis\u00f3 que la conformaci\u00f3n del tren ejecutivo municipal es en condici\u00f3n de encargados provisionales, en el desempe\u00f1o de sus funciones administrativas y operativas en cada despacho hasta tanto se complete la evaluaci\u00f3n correspondiente a los aspirantes conjuntamente con el Ejecutivo Nacional.<\/p>\n\n\n\n<figure class=\"wp-block-image size-full\"><img fetchpriority=\"high\" decoding=\"async\" width=\"1024\" height=\"683\" src=\"https:\/\/entretormentas.com\/wp-content\/uploads\/2025\/08\/dire2.jpeg\" alt=\"\" class=\"wp-image-20441\" srcset=\"https:\/\/entretormentas.com\/wp-content\/uploads\/2025\/08\/dire2.jpeg 1024w, https:\/\/entretormentas.com\/wp-content\/uploads\/2025\/08\/dire2-300x200.jpeg 300w, https:\/\/entretormentas.com\/wp-content\/uploads\/2025\/08\/dire2-768x512.jpeg 768w\" sizes=\"(max-width: 1024px) 100vw, 1024px\" \/><\/figure>\n\n\n\n<p>La Alcald\u00eda de Maracaibo establecer\u00e1 coordinaci\u00f3n directa con las autoridades competentes del Gobierno Nacional para la revisi\u00f3n de los expedientes de los postulados.<\/p>\n\n\n\n<p>Entre los designados en el gabinete municipal est\u00e1n: Arnoldo Olivares, director general de la alcald\u00eda de Maracaibo; Beise Petit, directora general para la promoci\u00f3n y desarrollo del poder comunal; Joemel Robles presidente del IMAU; Francy Di Suma, Atenci\u00f3n al Ciudadano; Ana Clara de Di Martino, directora de Desarrollo Social; Tania Meza presidenta de la Fundaci\u00f3n Salud Maracaibo; Comisario Jos\u00e9 Primera, director seguridad ciudadana; Liuba Colmenares, directora de planificaci\u00f3n y desarrollo organizacional; Aurimar Cordero, directora de Asuntos El\u00e9ctricos y Jos\u00e9 D\u00edaz, director de agua.<\/p>\n\n\n\n<figure class=\"wp-block-image size-full\"><img decoding=\"async\" width=\"1024\" height=\"683\" src=\"https:\/\/entretormentas.com\/wp-content\/uploads\/2025\/08\/dire3.jpeg\" alt=\"\" class=\"wp-image-20442\" srcset=\"https:\/\/entretormentas.com\/wp-content\/uploads\/2025\/08\/dire3.jpeg 1024w, https:\/\/entretormentas.com\/wp-content\/uploads\/2025\/08\/dire3-300x200.jpeg 300w, https:\/\/entretormentas.com\/wp-content\/uploads\/2025\/08\/dire3-768x512.jpeg 768w\" sizes=\"(max-width: 1024px) 100vw, 1024px\" \/><\/figure>\n\n\n\n<p>En el Instituto Municipal del Deporte y Recreaci\u00f3n (Imdeprec) estar\u00e1 Hugo G\u00f3mez; Ricardo Aguirre, director del Instituto Municipal de la Gaita y del Folclor (IMGRA); Neidys Alarc\u00f3n, directora del Instituto Municipal del Adulto y Adulto Mayor.<\/p>\n\n\n\n<p>Luis Sandino Castro asume la presidencia de la Fundaci\u00f3n Becas Ana Mar\u00eda Campos; Rafael Larez, presidente del Instituto Municipal del Transporte Colectivo (IMTCUMA), con Erasmo Alian en la vicepresidencia del mismo ente; Alfonso Cede\u00f1o, en la direcci\u00f3n de Cementerios municipales, Instituto Municipal de los Pueblos y Comunidades Ind\u00edgenas, Ender Montiel y Ram\u00f3n Colina, como director de Cultura.<\/p>\n\n\n\n<p>El alcalde Di Martino indic\u00f3 que a\u00fan quedan cargos por asignar y ser\u00e1n informados en el transcurso de esta semana.<br><strong><em>ET \/ Nota de Prensa<\/em><\/strong><\/p>\n\n\n\n<p><\/p>\n","protected":false},"excerpt":{"rendered":"<p>ENTRE TORMENTAS. El alcalde del municipio Maracaibo, Gian Carlo Di Martino, design\u00f3 parte de su&#8230;<\/p>\n","protected":false},"author":2,"featured_media":20443,"comment_status":"closed","ping_status":"open","sticky":false,"template":"","format":"standard","meta":{"footnotes":""},"categories":[56,1],"tags":[],"class_list":["post-20440","post","type-post","status-publish","format-standard","has-post-thumbnail","hentry","category-destacadas","category-regionales"],"_links":{"self":[{"href":"https:\/\/entretormentas.com\/index.php?rest_route=\/wp\/v2\/posts\/20440","targetHints":{"allow":["GET"]}}],"collection":[{"href":"https:\/\/entretormentas.com\/index.php?rest_route=\/wp\/v2\/posts"}],"about":[{"href":"https:\/\/entretormentas.com\/index.php?rest_route=\/wp\/v2\/types\/post"}],"author":[{"embeddable":true,"href":"https:\/\/entretormentas.com\/index.php?rest_route=\/wp\/v2\/users\/2"}],"replies":[{"embeddable":true,"href":"https:\/\/entretormentas.com\/index.php?rest_route=%2Fwp%2Fv2%2Fcomments&post=20440"}],"version-history":[{"count":1,"href":"https:\/\/entretormentas.com\/index.php?rest_route=\/wp\/v2\/posts\/20440\/revisions"}],"predecessor-version":[{"id":20444,"href":"https:\/\/entretormentas.com\/index.php?rest_route=\/wp\/v2\/posts\/20440\/revisions\/20444"}],"wp:featuredmedia":[{"embeddable":true,"href":"https:\/\/entretormentas.com\/index.php?rest_route=\/wp\/v2\/media\/20443"}],"wp:attachment":[{"href":"https:\/\/entretormentas.com\/index.php?rest_route=%2Fwp%2Fv2%2Fmedia&parent=20440"}],"wp:term":[{"taxonomy":"category","embeddable":true,"href":"https:\/\/entretormentas.com\/index.php?rest_route=%2Fwp%2Fv2%2Fcategories&post=20440"},{"taxonomy":"post_tag","embeddable":true,"href":"https:\/\/entretormentas.com\/index.php?rest_route=%2Fwp%2Fv2%2Ftags&post=20440"}],"curies":[{"name":"wp","href":"https:\/\/api.w.org\/{rel}","templated":true}]}}