{"id":20445,"date":"2025-08-13T09:54:48","date_gmt":"2025-08-13T07:54:48","guid":{"rendered":"https:\/\/entretormentas.com\/?p=20445"},"modified":"2025-08-13T09:54:48","modified_gmt":"2025-08-13T07:54:48","slug":"vicepresidenta-del-mas-rechazamos-injerencia-de-ee-uu-en-asuntos-internos","status":"publish","type":"post","link":"https:\/\/entretormentas.com\/vicepresidenta-del-mas-rechazamos-injerencia-de-ee-uu-en-asuntos-internos\/","title":{"rendered":"VICEPRESIDENTA DEL MAS: \u00abRechazamos injerencia de EE.UU. en asuntos internos\u00bb"},"content":{"rendered":"\n<p><strong>ENTRE TORMENTAS. <\/strong>La vicepresidenta del MAS, Mar\u00eda Verdeal, conden\u00f3 y rechaz\u00f3 de manera categ\u00f3rica la pretensi\u00f3n injerencista del presidente de los Estados Unidos Donald Trump, al tildar a Venezuela como un \u00abnarcoestado\u00bb y de autorizar al ej\u00e9rcito estadounidense para perseguir y pisar el suelo patrio.<\/p>\n\n\n\n<p>\u00abNos preocupan las dudas que hay sobre el alcance de estas declaraciones que buscan desestabilizar al pa\u00eds\u00bb.<\/p>\n\n\n\n<p>Se\u00f1al\u00f3 una vez m\u00e1s que los problemas internos tienen que ser resueltos solamente por los venezolanos y que cualquier injerencia, sea de Rusia, China, Estados Unidos u otra potencia, debe ser repudiada.<\/p>\n\n\n\n<p>\u00abDesde el MAS nos desligamos de cualquier auspicio a acciones violentas por parte de los sectores pol\u00edticos radicales\u00bb.<\/p>\n\n\n\n<p>En otro orden de ideas, la dirigente de la tolda naranja expres\u00f3 su descontento con el reciente decreto de Nicol\u00e1s Maduro de renovar la emergencia econ\u00f3mica por 60 d\u00edas m\u00e1s, medida que pone en manos de una sola persona todas las decisiones nacionales, regionales y locales en materia econ\u00f3mica.<\/p>\n\n\n\n<p>\u00abEsto se traduce en manejar sin ning\u00fan tipo de control el presupuesto de la naci\u00f3n y todo el andamiaje econ\u00f3mico, acarreando s\u00edntomas de inestabilidad jur\u00eddica para los inversionistas interesados en colocar su capital en Venezuela. Se sigue insistiendo con decretos o excepciones con el pretexto de la &#8216;guerra econ\u00f3mica&#8217; para justificar la crisis y no hacer nada\u201d.<\/p>\n\n\n\n<p>Asimismo denunci\u00f3 que el tema salarial se haya dejado de lado, arrastrando a muchos trabajadores a la mendicidad, como los perciben \u00fanicamente pensi\u00f3n o jubilaci\u00f3n.<\/p>\n\n\n\n<p>Agreg\u00f3 que el gobierno sigue imponiendo un modelo econ\u00f3mico fracasado sin hacer los correctivos necesarios; y que tampoco da respuesta a las solicitudes de aumento salarial y de discusi\u00f3n de la contrataci\u00f3n colectiva.<\/p>\n\n\n\n<p>\u201cEl tipo de cambio del Banco Central de Venezuela cerr\u00f3 el pasado viernes en poco m\u00e1s de 130 bol\u00edvares, por lo que el monto que devengan jubilados y pensionados no llega ni a un d\u00f3lar\u00bb.<\/p>\n\n\n\n<p><strong>DETENCIONES ARBITRARIAS<\/strong><br>La vicepresidenta del MAS alz\u00f3 la voz por la detenci\u00f3n de la activista de derechos humanos, Martha Grajales, miembro del Comit\u00e9 de Apoyo de Madres por la Verdad, quienes fueron v\u00edctima de vejaci\u00f3n y robo por parte de civiles encapuchados, durante una vigilia en el Tribunal Supremo de Justicia.<\/p>\n\n\n\n<p>\u00abEn nombre de amenazas internas y externas, contin\u00faa la persecuci\u00f3n y violaci\u00f3n al debido proceso de ciudadanos que son apresados sin justificaci\u00f3n alguna\u00bb.<\/p>\n\n\n\n<p>Verdeal recalc\u00f3 que pensar diferente no es un delito, de all\u00ed que seguir\u00e1n insistiendo en la aprobaci\u00f3n de una Ley de Amnist\u00eda General.<\/p>\n\n\n\n<p><strong>MUERTE DE URIBE TURBAY<\/strong><br>El MAS extendi\u00f3 sus palabras de solidaridad a la esposa, hijos y al pueblo colombiano por la muerte del senador y precandidato presidencial, Miguel Uribe Turbay.<\/p>\n\n\n\n<p>\u00abEs un desenlace del sicariato y de la violencia pol\u00edtica que vive nuestro hermano pa\u00eds\u201d.<br><strong><em>ET \/ Prensa MAS<\/em><\/strong><\/p>\n\n\n\n<p><\/p>\n","protected":false},"excerpt":{"rendered":"<p>ENTRE TORMENTAS. La vicepresidenta del MAS, Mar\u00eda Verdeal, conden\u00f3 y rechaz\u00f3 de manera categ\u00f3rica la&#8230;<\/p>\n","protected":false},"author":2,"featured_media":20446,"comment_status":"closed","ping_status":"open","sticky":false,"template":"","format":"standard","meta":{"footnotes":""},"categories":[56,49],"tags":[],"class_list":["post-20445","post","type-post","status-publish","format-standard","has-post-thumbnail","hentry","category-destacadas","category-nacionales"],"_links":{"self":[{"href":"https:\/\/entretormentas.com\/index.php?rest_route=\/wp\/v2\/posts\/20445","targetHints":{"allow":["GET"]}}],"collection":[{"href":"https:\/\/entretormentas.com\/index.php?rest_route=\/wp\/v2\/posts"}],"about":[{"href":"https:\/\/entretormentas.com\/index.php?rest_route=\/wp\/v2\/types\/post"}],"author":[{"embeddable":true,"href":"https:\/\/entretormentas.com\/index.php?rest_route=\/wp\/v2\/users\/2"}],"replies":[{"embeddable":true,"href":"https:\/\/entretormentas.com\/index.php?rest_route=%2Fwp%2Fv2%2Fcomments&post=20445"}],"version-history":[{"count":1,"href":"https:\/\/entretormentas.com\/index.php?rest_route=\/wp\/v2\/posts\/20445\/revisions"}],"predecessor-version":[{"id":20447,"href":"https:\/\/entretormentas.com\/index.php?rest_route=\/wp\/v2\/posts\/20445\/revisions\/20447"}],"wp:featuredmedia":[{"embeddable":true,"href":"https:\/\/entretormentas.com\/index.php?rest_route=\/wp\/v2\/media\/20446"}],"wp:attachment":[{"href":"https:\/\/entretormentas.com\/index.php?rest_route=%2Fwp%2Fv2%2Fmedia&parent=20445"}],"wp:term":[{"taxonomy":"category","embeddable":true,"href":"https:\/\/entretormentas.com\/index.php?rest_route=%2Fwp%2Fv2%2Fcategories&post=20445"},{"taxonomy":"post_tag","embeddable":true,"href":"https:\/\/entretormentas.com\/index.php?rest_route=%2Fwp%2Fv2%2Ftags&post=20445"}],"curies":[{"name":"wp","href":"https:\/\/api.w.org\/{rel}","templated":true}]}}