{"id":20448,"date":"2025-08-13T09:57:57","date_gmt":"2025-08-13T07:57:57","guid":{"rendered":"https:\/\/entretormentas.com\/?p=20448"},"modified":"2025-08-13T09:57:57","modified_gmt":"2025-08-13T07:57:57","slug":"revela-en-la-an-diosdado-cabello-revela-que-el-era-el-objetivo-principal-del-frustrado-ataque-terrorista","status":"publish","type":"post","link":"https:\/\/entretormentas.com\/revela-en-la-an-diosdado-cabello-revela-que-el-era-el-objetivo-principal-del-frustrado-ataque-terrorista\/","title":{"rendered":"\u00a1REVELA EN LA AN! Diosdado Cabello revela que \u00e9l era el objetivo principal del frustrado ataque terrorista"},"content":{"rendered":"\n<p><strong>ENTRE TORMENTAS. <\/strong>El ministro de Interior, Justicia y Paz, Diosdado Cabello, revel\u00f3 este martes que \u00e9l era el blanco elegido por quienes planificaron un atentado con explosivos contra un alto cargo del Gobierno que se hizo p\u00fablico la semana pasada.<\/p>\n\n\n\n<p>\u00abMe est\u00e1 llegando esta informaci\u00f3n, que van a atentar en principio (\u2026) Uno no deber\u00eda decir eso, pero era un regalo para m\u00ed. Y si no pueden, van a hacer esto (el atentado con explosivos) [\u2026]. Detr\u00e1s de esto est\u00e1 un inepto como Iv\u00e1n Simonovis\u00bb, relat\u00f3 el alto funcionario en una comparecencia ante la Asamblea Nacional.<\/p>\n\n\n\n<figure class=\"wp-block-image size-full\"><img fetchpriority=\"high\" decoding=\"async\" width=\"746\" height=\"706\" src=\"https:\/\/entretormentas.com\/wp-content\/uploads\/2025\/08\/dio2.jpeg\" alt=\"\" class=\"wp-image-20449\" srcset=\"https:\/\/entretormentas.com\/wp-content\/uploads\/2025\/08\/dio2.jpeg 746w, https:\/\/entretormentas.com\/wp-content\/uploads\/2025\/08\/dio2-300x284.jpeg 300w\" sizes=\"(max-width: 746px) 100vw, 746px\" \/><\/figure>\n\n\n\n<p>Asimismo, se\u00f1al\u00f3 que Simonovis orden\u00f3 matar al sujeto que hizo la bomba que iban explotar en Plaza Venezuela, \u201cporque es un testigo que puede hablar\u201d.<\/p>\n\n\n\n<p>Explic\u00f3 que luego de recibir la informaci\u00f3n que iban a colocar explosivos en Plaza Venezuela, se mont\u00f3 una guardia permanente y fue hasta el domingo 7 de agosto que comenzaron a seguir a una persona, quien puso un bolso y lo seguimos para \u201cver qui\u00e9nes eran sus c\u00f3mplices\u201d, relat\u00f3 el tambi\u00e9n vicepresidente Sectorial de Pol\u00edtica, Seguridad Ciudadana y Paz.<\/p>\n\n\n\n<p>\u201cLlegamos hasta el T\u00e1chira donde pretend\u00eda salir para Colombia. Lo capturamos en una operaci\u00f3n totalmente limpia porque lo est\u00e1bamos siguiendo. En menos de 24 horas logramos capturar 13 perpetradores, de los 15 autores materiales\u201d, agreg\u00f3.<br><strong><em>ET \/ Agencias<\/em><\/strong><\/p>\n","protected":false},"excerpt":{"rendered":"<p>ENTRE TORMENTAS. El ministro de Interior, Justicia y Paz, Diosdado Cabello, revel\u00f3 este martes que&#8230;<\/p>\n","protected":false},"author":2,"featured_media":20450,"comment_status":"closed","ping_status":"open","sticky":false,"template":"","format":"standard","meta":{"footnotes":""},"categories":[56,49],"tags":[],"class_list":["post-20448","post","type-post","status-publish","format-standard","has-post-thumbnail","hentry","category-destacadas","category-nacionales"],"_links":{"self":[{"href":"https:\/\/entretormentas.com\/index.php?rest_route=\/wp\/v2\/posts\/20448","targetHints":{"allow":["GET"]}}],"collection":[{"href":"https:\/\/entretormentas.com\/index.php?rest_route=\/wp\/v2\/posts"}],"about":[{"href":"https:\/\/entretormentas.com\/index.php?rest_route=\/wp\/v2\/types\/post"}],"author":[{"embeddable":true,"href":"https:\/\/entretormentas.com\/index.php?rest_route=\/wp\/v2\/users\/2"}],"replies":[{"embeddable":true,"href":"https:\/\/entretormentas.com\/index.php?rest_route=%2Fwp%2Fv2%2Fcomments&post=20448"}],"version-history":[{"count":1,"href":"https:\/\/entretormentas.com\/index.php?rest_route=\/wp\/v2\/posts\/20448\/revisions"}],"predecessor-version":[{"id":20451,"href":"https:\/\/entretormentas.com\/index.php?rest_route=\/wp\/v2\/posts\/20448\/revisions\/20451"}],"wp:featuredmedia":[{"embeddable":true,"href":"https:\/\/entretormentas.com\/index.php?rest_route=\/wp\/v2\/media\/20450"}],"wp:attachment":[{"href":"https:\/\/entretormentas.com\/index.php?rest_route=%2Fwp%2Fv2%2Fmedia&parent=20448"}],"wp:term":[{"taxonomy":"category","embeddable":true,"href":"https:\/\/entretormentas.com\/index.php?rest_route=%2Fwp%2Fv2%2Fcategories&post=20448"},{"taxonomy":"post_tag","embeddable":true,"href":"https:\/\/entretormentas.com\/index.php?rest_route=%2Fwp%2Fv2%2Ftags&post=20448"}],"curies":[{"name":"wp","href":"https:\/\/api.w.org\/{rel}","templated":true}]}}