{"id":20455,"date":"2025-08-13T10:04:25","date_gmt":"2025-08-13T08:04:25","guid":{"rendered":"https:\/\/entretormentas.com\/?p=20455"},"modified":"2025-08-13T10:04:26","modified_gmt":"2025-08-13T08:04:26","slug":"propuesta-de-maduro-petro-dispuesto-a-articular-ejercitos-entre-venezuela-y-colombia","status":"publish","type":"post","link":"https:\/\/entretormentas.com\/propuesta-de-maduro-petro-dispuesto-a-articular-ejercitos-entre-venezuela-y-colombia\/","title":{"rendered":"\u00a1PROPUESTA DE MADURO! Petro dispuesto a articular ej\u00e9rcitos entre Venezuela y Colombia"},"content":{"rendered":"\n<p><strong>ENTRE TORMENTAS. <\/strong>Este martes el mandatario colombiano, Gustavo Petro, expres\u00f3 su apoyo a la iniciativa del presidente de Venezuela, Nicol\u00e1s Maduro, acerca de la \u00abarticulaci\u00f3n de los ej\u00e9rcitos de ambos pa\u00edses\u00bb para combatir el narcotr\u00e1fico.<\/p>\n\n\n\n<p>\u00abEso es conveniente para las dos naciones y ha dado mucho resultado. El ELN ha sido golpeado en ambos lados de la frontera, militarmente. Mi orden dada es articular las inteligencias para la lucha contra el narcotr\u00e1fico con Estados Unidos, Europa, Am\u00e9rica Latina y el Caribe, con China, con el mundo \u00e1rabe y con el mundo entero\u00bb, expres\u00f3 en su cuenta en X.<\/p>\n\n\n\n<p>Aclar\u00f3 que \u00abNicol\u00e1s Maduro no ha hablado de unir los ej\u00e9rcitos, sino de articularlos para acabar el narcotr\u00e1fico en la zona de frontera\u00bb.<\/p>\n\n\n\n<p>Este lunes, en el marco del memorando de entendimiento para la creaci\u00f3n de una zona binacional en la frontera entre Colombia y Venezuela, el jefe del Estado venezolano, asever\u00f3 que ambos pa\u00edses est\u00e1n destinados a trabajar por la paz, la integraci\u00f3n, la uni\u00f3n y la cooperaci\u00f3n.<\/p>\n\n\n\n<p>En declaraciones ofrecidas en su programa \u00abCon Maduro+\u00bb, el mandatario nacional destac\u00f3 que Venezuela est\u00e1 trabajando para unir e \u00abintegrar productivamente inversiones y comercio de todos los sectores empresariales de la zona N.\u00ba 1\u00bb (T\u00e1chira y Zulia) del lado venezolano y Norte de Santander y el Departamento de la Guajira por parte de Colombia.<\/p>\n\n\n\n<p>\u00abSi unimos fuertemente el poder econ\u00f3mico, el poder institucional, el poder pol\u00edtico, el poder militar y policial de Colombia y Venezuela en esta Zona N.\u00ba 1, podemos demostrar que como zona piloto la liberamos de la violencia y construimos como una gran zona de hermandad, de uni\u00f3n y de paz\u00bb, precis\u00f3.<\/p>\n\n\n\n<p>A\u00f1adi\u00f3 que el objetivo tambi\u00e9n es unir a dos gobiernos nacionales con los ministerios, unir a las fuerzas militares de Colombia con la Fuerza Armada Nacional Bolivariana (FANB), en la garant\u00eda de que \u00abes un territorio libre de violencia, grupos armados y narcotr\u00e1fico\u00bb.<br><strong><em>ET \/ Agencias<\/em><\/strong><\/p>\n\n\n\n<p><\/p>\n","protected":false},"excerpt":{"rendered":"<p>ENTRE TORMENTAS. Este martes el mandatario colombiano, Gustavo Petro, expres\u00f3 su apoyo a la iniciativa&#8230;<\/p>\n","protected":false},"author":2,"featured_media":20456,"comment_status":"closed","ping_status":"open","sticky":false,"template":"","format":"standard","meta":{"footnotes":""},"categories":[56,48],"tags":[],"class_list":["post-20455","post","type-post","status-publish","format-standard","has-post-thumbnail","hentry","category-destacadas","category-internacionales"],"_links":{"self":[{"href":"https:\/\/entretormentas.com\/index.php?rest_route=\/wp\/v2\/posts\/20455","targetHints":{"allow":["GET"]}}],"collection":[{"href":"https:\/\/entretormentas.com\/index.php?rest_route=\/wp\/v2\/posts"}],"about":[{"href":"https:\/\/entretormentas.com\/index.php?rest_route=\/wp\/v2\/types\/post"}],"author":[{"embeddable":true,"href":"https:\/\/entretormentas.com\/index.php?rest_route=\/wp\/v2\/users\/2"}],"replies":[{"embeddable":true,"href":"https:\/\/entretormentas.com\/index.php?rest_route=%2Fwp%2Fv2%2Fcomments&post=20455"}],"version-history":[{"count":1,"href":"https:\/\/entretormentas.com\/index.php?rest_route=\/wp\/v2\/posts\/20455\/revisions"}],"predecessor-version":[{"id":20457,"href":"https:\/\/entretormentas.com\/index.php?rest_route=\/wp\/v2\/posts\/20455\/revisions\/20457"}],"wp:featuredmedia":[{"embeddable":true,"href":"https:\/\/entretormentas.com\/index.php?rest_route=\/wp\/v2\/media\/20456"}],"wp:attachment":[{"href":"https:\/\/entretormentas.com\/index.php?rest_route=%2Fwp%2Fv2%2Fmedia&parent=20455"}],"wp:term":[{"taxonomy":"category","embeddable":true,"href":"https:\/\/entretormentas.com\/index.php?rest_route=%2Fwp%2Fv2%2Fcategories&post=20455"},{"taxonomy":"post_tag","embeddable":true,"href":"https:\/\/entretormentas.com\/index.php?rest_route=%2Fwp%2Fv2%2Ftags&post=20455"}],"curies":[{"name":"wp","href":"https:\/\/api.w.org\/{rel}","templated":true}]}}