{"id":20458,"date":"2025-08-14T10:19:56","date_gmt":"2025-08-14T08:19:56","guid":{"rendered":"https:\/\/entretormentas.com\/?p=20458"},"modified":"2025-08-14T10:19:56","modified_gmt":"2025-08-14T08:19:56","slug":"nombramiento-municipal-comisario-jose-primera-asume-direccion-de-seguridad-ciudadana-en-maracaibo","status":"publish","type":"post","link":"https:\/\/entretormentas.com\/nombramiento-municipal-comisario-jose-primera-asume-direccion-de-seguridad-ciudadana-en-maracaibo\/","title":{"rendered":"\u00a1NOMBRAMIENTO MUNICIPAL! Comisario Jos\u00e9 Primera asume direcci\u00f3n de Seguridad Ciudadana en Maracaibo"},"content":{"rendered":"\n<p><strong>ENTRE TORMENTAS.<\/strong> En cumplimiento con la Constituci\u00f3n de la Rep\u00fablica Bolivariana de Venezuela, el alcalde del municipio Maracaibo, Gian Carlo Di Martino, anunci\u00f3 este martes la designaci\u00f3n del Comisario Jos\u00e9 Primera como nuevo director de Seguridad Ciudadana.<\/p>\n\n\n\n<p>La decisi\u00f3n forma parte de la conformaci\u00f3n del gabinete municipal, orientado a fortalecer las pol\u00edticas p\u00fablicas en materia de prevenci\u00f3n, protecci\u00f3n y atenci\u00f3n ciudadana.<\/p>\n\n\n\n<p>Con una trayectoria reconocida en el \u00e1mbito policial y de gesti\u00f3n operativa, Primera asume el cargo con el compromiso de reforzar los planes de seguridad en las 18 parroquias de la capital zuliana.<\/p>\n\n\n\n<p>La direcci\u00f3n de Seguridad Ciudadana tendr\u00e1 como prioridad la articulaci\u00f3n con organismos regionales y nacionales, el fortalecimiento de los cuadrantes de paz, y la implementaci\u00f3n de estrategias comunitarias que promuevan la convivencia y el respeto ciudadano.<\/p>\n\n\n\n<p>Con esta designaci\u00f3n, el gobierno municipal reafirma su compromiso con la protecci\u00f3n de los marabinos, apostando por una gesti\u00f3n eficiente, cercana y transparente.<br><strong><em>ET \/ Mariana Albarr\u00e1n \/ Len\u00edn R\u00edos<\/em><\/strong><\/p>\n","protected":false},"excerpt":{"rendered":"<p>ENTRE TORMENTAS. En cumplimiento con la Constituci\u00f3n de la Rep\u00fablica Bolivariana de Venezuela, el alcalde&#8230;<\/p>\n","protected":false},"author":2,"featured_media":20459,"comment_status":"closed","ping_status":"open","sticky":false,"template":"","format":"standard","meta":{"footnotes":""},"categories":[57,1],"tags":[],"class_list":["post-20458","post","type-post","status-publish","format-standard","has-post-thumbnail","hentry","category-actualidad","category-regionales"],"_links":{"self":[{"href":"https:\/\/entretormentas.com\/index.php?rest_route=\/wp\/v2\/posts\/20458","targetHints":{"allow":["GET"]}}],"collection":[{"href":"https:\/\/entretormentas.com\/index.php?rest_route=\/wp\/v2\/posts"}],"about":[{"href":"https:\/\/entretormentas.com\/index.php?rest_route=\/wp\/v2\/types\/post"}],"author":[{"embeddable":true,"href":"https:\/\/entretormentas.com\/index.php?rest_route=\/wp\/v2\/users\/2"}],"replies":[{"embeddable":true,"href":"https:\/\/entretormentas.com\/index.php?rest_route=%2Fwp%2Fv2%2Fcomments&post=20458"}],"version-history":[{"count":1,"href":"https:\/\/entretormentas.com\/index.php?rest_route=\/wp\/v2\/posts\/20458\/revisions"}],"predecessor-version":[{"id":20460,"href":"https:\/\/entretormentas.com\/index.php?rest_route=\/wp\/v2\/posts\/20458\/revisions\/20460"}],"wp:featuredmedia":[{"embeddable":true,"href":"https:\/\/entretormentas.com\/index.php?rest_route=\/wp\/v2\/media\/20459"}],"wp:attachment":[{"href":"https:\/\/entretormentas.com\/index.php?rest_route=%2Fwp%2Fv2%2Fmedia&parent=20458"}],"wp:term":[{"taxonomy":"category","embeddable":true,"href":"https:\/\/entretormentas.com\/index.php?rest_route=%2Fwp%2Fv2%2Fcategories&post=20458"},{"taxonomy":"post_tag","embeddable":true,"href":"https:\/\/entretormentas.com\/index.php?rest_route=%2Fwp%2Fv2%2Ftags&post=20458"}],"curies":[{"name":"wp","href":"https:\/\/api.w.org\/{rel}","templated":true}]}}