{"id":20466,"date":"2025-08-14T10:33:20","date_gmt":"2025-08-14T08:33:20","guid":{"rendered":"https:\/\/entretormentas.com\/?p=20466"},"modified":"2025-08-14T10:33:21","modified_gmt":"2025-08-14T08:33:21","slug":"con-1o-mil-ton-de-asfalto-plan-estadal-de-vialidad-se-extiende-al-tramo-distribuidor-la-chinita-aeropuerto","status":"publish","type":"post","link":"https:\/\/entretormentas.com\/con-1o-mil-ton-de-asfalto-plan-estadal-de-vialidad-se-extiende-al-tramo-distribuidor-la-chinita-aeropuerto\/","title":{"rendered":"\u00a1CON 1O MIL TON DE ASFALTO! Plan Estadal de Vialidad se extiende al tramo Distribuidor La Chinita-Aeropuerto"},"content":{"rendered":"\n<p><strong>ENTRE TORMENTAS. <\/strong>Para sumar 20 frentes de trabajo de asfaltado en solo 60 d\u00edas de gesti\u00f3n del Gobierno en el Zulia, este mi\u00e9rcoles 13 de agosto el gobernador Luis Caldera dio inicio a la colocaci\u00f3n de asfalto en el tramo Distribuidor La Chinita-Aeropuerto Internacional La Chinita, como parte del Plan Estadal de Vialidad, impulsado por el presidente Nicol\u00e1s Maduro a trav\u00e9s del Ministerio del Poder Popular para el Transporte y la Gobernaci\u00f3n zuliana.<\/p>\n\n\n\n<p>Los trabajos, que benefician a m\u00e1s de 126 mil habitantes de los municipios Maracaibo y San Francisco, comenzaron con la evaluaci\u00f3n de la calzada y el fresado, explic\u00f3 el gobernador Caldera, quien destac\u00f3 la articulaci\u00f3n con los territorios comunales, voceras y voceros del Poder Popular y concejales.<\/p>\n\n\n\n<figure class=\"wp-block-image size-large\"><img fetchpriority=\"high\" decoding=\"async\" width=\"1024\" height=\"683\" src=\"https:\/\/entretormentas.com\/wp-content\/uploads\/2025\/08\/asfaltalc2-1024x683.jpeg\" alt=\"\" class=\"wp-image-20467\" srcset=\"https:\/\/entretormentas.com\/wp-content\/uploads\/2025\/08\/asfaltalc2-1024x683.jpeg 1024w, https:\/\/entretormentas.com\/wp-content\/uploads\/2025\/08\/asfaltalc2-300x200.jpeg 300w, https:\/\/entretormentas.com\/wp-content\/uploads\/2025\/08\/asfaltalc2-768x512.jpeg 768w, https:\/\/entretormentas.com\/wp-content\/uploads\/2025\/08\/asfaltalc2.jpeg 1280w\" sizes=\"(max-width: 1024px) 100vw, 1024px\" \/><\/figure>\n\n\n\n<p>En primera fase, las labores contemplan la intervenci\u00f3n en cuatro puntos distribuidos en 4.3 kil\u00f3metros, con un alcance de total de 10 mil toneladas de asfalto en caliente tipo 3, de los cuales se comenz\u00f3 con la colocaci\u00f3n de mil 800 toneladas. La obra incluye iluminaci\u00f3n, arborizaci\u00f3n y el rescate del Distribuidor La Chinita, abandonado durante varios a\u00f1os, expres\u00f3 el gobernador.<\/p>\n\n\n\n<p>Las labores de iluminaci\u00f3n est\u00e1n a cargo de cuadrillas del Gobierno Regional y de la Corporaci\u00f3n El\u00e9ctrica Nacional (Corpoelec), mientras que la producci\u00f3n de la mezcla asf\u00e1ltica se realiza gracias al suministro de l\u00edquidos por parte del Ministerio del Poder Popular para el Transporte.<\/p>\n\n\n\n<p><strong>CON TRABAJO ARTICULADO<\/strong><br>El gobernador Caldera resalt\u00f3 el trabajo articulado del Gobierno Bolivariano, que vienen generando ciclos de recuperaci\u00f3n de la vialidad en el estado y que ya se comenz\u00f3 con la reorganizaci\u00f3n de la inversi\u00f3n vial entre los gobiernos nacional, regional y municipal.<\/p>\n\n\n\n<figure class=\"wp-block-image size-large\"><img decoding=\"async\" width=\"1024\" height=\"683\" src=\"https:\/\/entretormentas.com\/wp-content\/uploads\/2025\/08\/asfaltalc3-1024x683.jpeg\" alt=\"\" class=\"wp-image-20468\" srcset=\"https:\/\/entretormentas.com\/wp-content\/uploads\/2025\/08\/asfaltalc3-1024x683.jpeg 1024w, https:\/\/entretormentas.com\/wp-content\/uploads\/2025\/08\/asfaltalc3-300x200.jpeg 300w, https:\/\/entretormentas.com\/wp-content\/uploads\/2025\/08\/asfaltalc3-768x512.jpeg 768w, https:\/\/entretormentas.com\/wp-content\/uploads\/2025\/08\/asfaltalc3.jpeg 1280w\" sizes=\"(max-width: 1024px) 100vw, 1024px\" \/><\/figure>\n\n\n\n<p>\u201cEntre la Gobernaci\u00f3n del Zulia y el Gobierno Nacional, las v\u00edas interurbanas como la Lara-Zulia, Falc\u00f3n-Zulia y la Panamericana, que son de car\u00e1cter nacional, est\u00e1n siendo atendidas, mientras que los alcaldes asumir\u00e1n directamente la consolidaci\u00f3n de la vialidad urbana en las comunidades, barrios, urbanizaciones. Vamos articulando los niveles de gobierno para el desarrollo integral del estado\u201d, apostill\u00f3.<\/p>\n\n\n\n<p>Aprovech\u00f3 en adelantar que pr\u00f3ximamente se inaugurar\u00e1 la rehabilitaci\u00f3n de la carretera La Y \u2013 Carrasquero, de 37 kil\u00f3metros, con la presencia del ministro de Transporte, Ram\u00f3n Vel\u00e1squez Araguay\u00e1n.<br><strong><em>ET \/ Nota de Prensa<\/em><\/strong><\/p>\n\n\n\n<p><\/p>\n","protected":false},"excerpt":{"rendered":"<p>ENTRE TORMENTAS. Para sumar 20 frentes de trabajo de asfaltado en solo 60 d\u00edas de&#8230;<\/p>\n","protected":false},"author":2,"featured_media":20469,"comment_status":"closed","ping_status":"open","sticky":false,"template":"","format":"standard","meta":{"footnotes":""},"categories":[57,1],"tags":[],"class_list":["post-20466","post","type-post","status-publish","format-standard","has-post-thumbnail","hentry","category-actualidad","category-regionales"],"_links":{"self":[{"href":"https:\/\/entretormentas.com\/index.php?rest_route=\/wp\/v2\/posts\/20466","targetHints":{"allow":["GET"]}}],"collection":[{"href":"https:\/\/entretormentas.com\/index.php?rest_route=\/wp\/v2\/posts"}],"about":[{"href":"https:\/\/entretormentas.com\/index.php?rest_route=\/wp\/v2\/types\/post"}],"author":[{"embeddable":true,"href":"https:\/\/entretormentas.com\/index.php?rest_route=\/wp\/v2\/users\/2"}],"replies":[{"embeddable":true,"href":"https:\/\/entretormentas.com\/index.php?rest_route=%2Fwp%2Fv2%2Fcomments&post=20466"}],"version-history":[{"count":1,"href":"https:\/\/entretormentas.com\/index.php?rest_route=\/wp\/v2\/posts\/20466\/revisions"}],"predecessor-version":[{"id":20470,"href":"https:\/\/entretormentas.com\/index.php?rest_route=\/wp\/v2\/posts\/20466\/revisions\/20470"}],"wp:featuredmedia":[{"embeddable":true,"href":"https:\/\/entretormentas.com\/index.php?rest_route=\/wp\/v2\/media\/20469"}],"wp:attachment":[{"href":"https:\/\/entretormentas.com\/index.php?rest_route=%2Fwp%2Fv2%2Fmedia&parent=20466"}],"wp:term":[{"taxonomy":"category","embeddable":true,"href":"https:\/\/entretormentas.com\/index.php?rest_route=%2Fwp%2Fv2%2Fcategories&post=20466"},{"taxonomy":"post_tag","embeddable":true,"href":"https:\/\/entretormentas.com\/index.php?rest_route=%2Fwp%2Fv2%2Ftags&post=20466"}],"curies":[{"name":"wp","href":"https:\/\/api.w.org\/{rel}","templated":true}]}}