{"id":20471,"date":"2025-08-14T10:40:56","date_gmt":"2025-08-14T08:40:56","guid":{"rendered":"https:\/\/entretormentas.com\/?p=20471"},"modified":"2025-08-14T10:40:56","modified_gmt":"2025-08-14T08:40:56","slug":"jueves-y-viernes-desde-las-6-am-alcaldia-de-maracaibo-prepara-primera-megajornada-de-mercados-populares","status":"publish","type":"post","link":"https:\/\/entretormentas.com\/jueves-y-viernes-desde-las-6-am-alcaldia-de-maracaibo-prepara-primera-megajornada-de-mercados-populares\/","title":{"rendered":"\u00a1JUEVES Y VIERNES DESDE LAS 6 AM! Alcald\u00eda de Maracaibo prepara Primera Megajornada de Mercados Populares"},"content":{"rendered":"\n<p><strong>ENTRE TORMENTAS. <\/strong>Como parte de las acciones de gobierno que viene impulsando el alcalde bolivariano de Maracaibo, Giancarlo Di Martino, se realizar\u00e1 durante los d\u00edas jueves 14 y viernes 15 de agosto, la primera jornada de mercados populares para beneficio de los marabinos.<\/p>\n\n\n\n<figure class=\"wp-block-image size-large\"><img fetchpriority=\"high\" decoding=\"async\" width=\"576\" height=\"1024\" src=\"https:\/\/entretormentas.com\/wp-content\/uploads\/2025\/08\/dimerca1-576x1024.jpeg\" alt=\"\" class=\"wp-image-20472\" srcset=\"https:\/\/entretormentas.com\/wp-content\/uploads\/2025\/08\/dimerca1-576x1024.jpeg 576w, https:\/\/entretormentas.com\/wp-content\/uploads\/2025\/08\/dimerca1-169x300.jpeg 169w, https:\/\/entretormentas.com\/wp-content\/uploads\/2025\/08\/dimerca1.jpeg 720w\" sizes=\"(max-width: 576px) 100vw, 576px\" \/><\/figure>\n\n\n\n<p>Desde las 6:00 a.m., se dar\u00e1 inicio a la jornada de alimentos en la calle 96, frente a la Alcald\u00eda de Maracaibo, en el centro de la ciudad, donde habr\u00e1 venta a precios justos de variedad de v\u00edveres, pollo, huevos, queso, h\u00edgado, mortadela, verduras, leche y jugos.<\/p>\n\n\n\n<p>Tambi\u00e9n habr\u00e1 los servicios gratuitos de asesor\u00eda jur\u00eddica con la colaboraci\u00f3n de la Defensor\u00eda P\u00fablica, peluquer\u00eda para adultos y ni\u00f1os y ni\u00f1as gracias al apoyo de la Misi\u00f3n Robert Serra, ex\u00e1menes cardiovasculares, vacunaci\u00f3n contra la fiebre amarilla, refuerzo, triple, polio, orientaci\u00f3n en casos de violencia intrafamiliar, protecci\u00f3n de ni\u00f1os, ni\u00f1as y adolescentes, asi como violencia contra la mujer.<\/p>\n\n\n\n<figure class=\"wp-block-image size-large\"><img decoding=\"async\" width=\"576\" height=\"1024\" src=\"https:\/\/entretormentas.com\/wp-content\/uploads\/2025\/08\/dimerca2-576x1024.jpeg\" alt=\"\" class=\"wp-image-20473\" srcset=\"https:\/\/entretormentas.com\/wp-content\/uploads\/2025\/08\/dimerca2-576x1024.jpeg 576w, https:\/\/entretormentas.com\/wp-content\/uploads\/2025\/08\/dimerca2-169x300.jpeg 169w, https:\/\/entretormentas.com\/wp-content\/uploads\/2025\/08\/dimerca2.jpeg 720w\" sizes=\"(max-width: 576px) 100vw, 576px\" \/><\/figure>\n\n\n\n<p>Las mascotas tambi\u00e9n tendr\u00e1n atenciones en esta megajornada impulsada por el alcalde Giancarlo Di Martino con la participaci\u00f3n de la Misi\u00f3n Nevado, conjuntamente con la Direcci\u00f3n de Protecci\u00f3n Animal municipal, con servicios de desparasitaci\u00f3n, corte de u\u00f1as y limpieza de o\u00eddos.<\/p>\n\n\n\n<p>Es muy importante que la comunidad sepa que en la megajornada tendr\u00e1 todos los m\u00e9todos de pago.<br><strong><em>ET \/ Prensa Alcald\u00eda de Maracaibo<\/em><\/strong><\/p>\n\n\n\n<p><\/p>\n","protected":false},"excerpt":{"rendered":"<p>ENTRE TORMENTAS. Como parte de las acciones de gobierno que viene impulsando el alcalde bolivariano&#8230;<\/p>\n","protected":false},"author":2,"featured_media":20474,"comment_status":"closed","ping_status":"open","sticky":false,"template":"","format":"standard","meta":{"footnotes":""},"categories":[57,1],"tags":[],"class_list":["post-20471","post","type-post","status-publish","format-standard","has-post-thumbnail","hentry","category-actualidad","category-regionales"],"_links":{"self":[{"href":"https:\/\/entretormentas.com\/index.php?rest_route=\/wp\/v2\/posts\/20471","targetHints":{"allow":["GET"]}}],"collection":[{"href":"https:\/\/entretormentas.com\/index.php?rest_route=\/wp\/v2\/posts"}],"about":[{"href":"https:\/\/entretormentas.com\/index.php?rest_route=\/wp\/v2\/types\/post"}],"author":[{"embeddable":true,"href":"https:\/\/entretormentas.com\/index.php?rest_route=\/wp\/v2\/users\/2"}],"replies":[{"embeddable":true,"href":"https:\/\/entretormentas.com\/index.php?rest_route=%2Fwp%2Fv2%2Fcomments&post=20471"}],"version-history":[{"count":1,"href":"https:\/\/entretormentas.com\/index.php?rest_route=\/wp\/v2\/posts\/20471\/revisions"}],"predecessor-version":[{"id":20475,"href":"https:\/\/entretormentas.com\/index.php?rest_route=\/wp\/v2\/posts\/20471\/revisions\/20475"}],"wp:featuredmedia":[{"embeddable":true,"href":"https:\/\/entretormentas.com\/index.php?rest_route=\/wp\/v2\/media\/20474"}],"wp:attachment":[{"href":"https:\/\/entretormentas.com\/index.php?rest_route=%2Fwp%2Fv2%2Fmedia&parent=20471"}],"wp:term":[{"taxonomy":"category","embeddable":true,"href":"https:\/\/entretormentas.com\/index.php?rest_route=%2Fwp%2Fv2%2Fcategories&post=20471"},{"taxonomy":"post_tag","embeddable":true,"href":"https:\/\/entretormentas.com\/index.php?rest_route=%2Fwp%2Fv2%2Ftags&post=20471"}],"curies":[{"name":"wp","href":"https:\/\/api.w.org\/{rel}","templated":true}]}}