{"id":20481,"date":"2025-08-14T10:55:10","date_gmt":"2025-08-14T08:55:10","guid":{"rendered":"https:\/\/entretormentas.com\/?p=20481"},"modified":"2025-08-14T10:55:11","modified_gmt":"2025-08-14T08:55:11","slug":"primer-encuentro-alcalde-hector-soto-inicia-plan-de-atencion-integral-para-comunidades-indigenas-de-san-francisco","status":"publish","type":"post","link":"https:\/\/entretormentas.com\/primer-encuentro-alcalde-hector-soto-inicia-plan-de-atencion-integral-para-comunidades-indigenas-de-san-francisco\/","title":{"rendered":"\u00a1PRIMER ENCUENTRO! Alcalde H\u00e9ctor Soto inicia Plan de Atenci\u00f3n Integral para comunidades ind\u00edgenas de San Francisco"},"content":{"rendered":"\n<p><strong>ENTRE TORMENTAS.<\/strong> Este mi\u00e9rcoles 13 de agosto, el Alcalde H\u00e9ctor Soto, sostuvo una reuni\u00f3n en la sede del ayuntamiento sure\u00f1o, con representantes Yukpas del municipio San Francisco, con el objetivo de anunciar la implementaci\u00f3n de un plan de atenci\u00f3n integral para las comunidades ind\u00edgenas, en un trabajo mancomunado con la Gobernaci\u00f3n del Zulia y el Ministerio del Poder Popular para los Pueblos Ind\u00edgenas.<\/p>\n\n\n\n<p>Soto se\u00f1al\u00f3 que en dicho encuentro se atendieron solicitudes referentes a la dotaci\u00f3n para las escuelas y revisi\u00f3n de pozos de agua inactivos en comunidades. Indic\u00f3 tambi\u00e9n que \u00aben los pr\u00f3ximos d\u00edas tendremos reuniones con los Caciques, para tratar temas como el desarrollo econ\u00f3mico, y sobre la implementaci\u00f3n de un plan agrario que tiene que ver con la producci\u00f3n en la zona a trav\u00e9s de una direcci\u00f3n de atenci\u00f3n a los hermanos ind\u00edgenas\u00bb.<\/p>\n\n\n\n<figure class=\"wp-block-image size-large\"><img fetchpriority=\"high\" decoding=\"async\" width=\"1024\" height=\"682\" src=\"https:\/\/entretormentas.com\/wp-content\/uploads\/2025\/08\/SOTOINDI2-1024x682.jpeg\" alt=\"\" class=\"wp-image-20482\" srcset=\"https:\/\/entretormentas.com\/wp-content\/uploads\/2025\/08\/SOTOINDI2-1024x682.jpeg 1024w, https:\/\/entretormentas.com\/wp-content\/uploads\/2025\/08\/SOTOINDI2-300x200.jpeg 300w, https:\/\/entretormentas.com\/wp-content\/uploads\/2025\/08\/SOTOINDI2-768x512.jpeg 768w, https:\/\/entretormentas.com\/wp-content\/uploads\/2025\/08\/SOTOINDI2.jpeg 1280w\" sizes=\"(max-width: 1024px) 100vw, 1024px\" \/><\/figure>\n\n\n\n<p>De igual forma, la autoridad municipal, en su intervenci\u00f3n, asegur\u00f3 que pr\u00f3ximamente podr\u00e1 destinar recursos econ\u00f3micos para dar respuesta a las solicitudes planteadas en dicha reuni\u00f3n, ya que se encuentran en un proceso de organizaci\u00f3n dentro de la alcald\u00eda sure\u00f1a.<\/p>\n\n\n\n<p>Por \u00faltimo, Katty Gonz\u00e1lez, Concejal Ind\u00edgena del municipio San Francisco, manifest\u00f3 que esta reuni\u00f3n es de gran importancia para los 19 asentamientos Yukpas que se encuentran establecidos en la localidad ya que \u00abde este modo se le est\u00e1 brindando la atenci\u00f3n necesaria y canalizando todas las peticiones que se realizaron en campa\u00f1a para darles respuesta satisfactoria\u00bb.<\/p>\n\n\n\n<p><strong><em>ET \/ Nota de Prensa<\/em><\/strong><\/p>\n","protected":false},"excerpt":{"rendered":"<p>ENTRE TORMENTAS. Este mi\u00e9rcoles 13 de agosto, el Alcalde H\u00e9ctor Soto, sostuvo una reuni\u00f3n en&#8230;<\/p>\n","protected":false},"author":2,"featured_media":20483,"comment_status":"closed","ping_status":"open","sticky":false,"template":"","format":"standard","meta":{"footnotes":""},"categories":[1],"tags":[],"class_list":["post-20481","post","type-post","status-publish","format-standard","has-post-thumbnail","hentry","category-regionales"],"_links":{"self":[{"href":"https:\/\/entretormentas.com\/index.php?rest_route=\/wp\/v2\/posts\/20481","targetHints":{"allow":["GET"]}}],"collection":[{"href":"https:\/\/entretormentas.com\/index.php?rest_route=\/wp\/v2\/posts"}],"about":[{"href":"https:\/\/entretormentas.com\/index.php?rest_route=\/wp\/v2\/types\/post"}],"author":[{"embeddable":true,"href":"https:\/\/entretormentas.com\/index.php?rest_route=\/wp\/v2\/users\/2"}],"replies":[{"embeddable":true,"href":"https:\/\/entretormentas.com\/index.php?rest_route=%2Fwp%2Fv2%2Fcomments&post=20481"}],"version-history":[{"count":1,"href":"https:\/\/entretormentas.com\/index.php?rest_route=\/wp\/v2\/posts\/20481\/revisions"}],"predecessor-version":[{"id":20484,"href":"https:\/\/entretormentas.com\/index.php?rest_route=\/wp\/v2\/posts\/20481\/revisions\/20484"}],"wp:featuredmedia":[{"embeddable":true,"href":"https:\/\/entretormentas.com\/index.php?rest_route=\/wp\/v2\/media\/20483"}],"wp:attachment":[{"href":"https:\/\/entretormentas.com\/index.php?rest_route=%2Fwp%2Fv2%2Fmedia&parent=20481"}],"wp:term":[{"taxonomy":"category","embeddable":true,"href":"https:\/\/entretormentas.com\/index.php?rest_route=%2Fwp%2Fv2%2Fcategories&post=20481"},{"taxonomy":"post_tag","embeddable":true,"href":"https:\/\/entretormentas.com\/index.php?rest_route=%2Fwp%2Fv2%2Ftags&post=20481"}],"curies":[{"name":"wp","href":"https:\/\/api.w.org\/{rel}","templated":true}]}}