{"id":20485,"date":"2025-08-15T09:54:39","date_gmt":"2025-08-15T07:54:39","guid":{"rendered":"https:\/\/entretormentas.com\/?p=20485"},"modified":"2025-08-15T09:54:40","modified_gmt":"2025-08-15T07:54:40","slug":"con-sus-jornadas-integrales-mercados-populares-de-la-alcaldia-llegaran-a-todas-las-parroquias-de-maracaibo","status":"publish","type":"post","link":"https:\/\/entretormentas.com\/con-sus-jornadas-integrales-mercados-populares-de-la-alcaldia-llegaran-a-todas-las-parroquias-de-maracaibo\/","title":{"rendered":"\u00a1CON SUS JORNADAS INTEGRALES! Mercados Populares de la Alcald\u00eda llegar\u00e1n a todas las parroquias de Maracaibo"},"content":{"rendered":"\n<p><strong>ENTRE TORMENTAS.<\/strong> \u00abLas jornadas integrales de mercados populares de la Alcald\u00eda de Maracaibo llegar\u00e1n a todas las parroquias del municipio, para beneficio de cada comunidad\u00bb. As\u00ed lo inform\u00f3 Marcos Amaya M\u00e9ndez, director de Comercio Nacional y Exterior de la Alcald\u00eda, al instalar la primera Megajornada.<\/p>\n\n\n\n<p>Detall\u00f3 Amaya que la atenci\u00f3n de estas jornadas se har\u00e1n semanal en las parroquias, para ofrecer productos de calidad y servicios gratuitos a las familias marabinas.<\/p>\n\n\n\n<figure class=\"wp-block-image size-large\"><img fetchpriority=\"high\" decoding=\"async\" width=\"1024\" height=\"682\" src=\"https:\/\/entretormentas.com\/wp-content\/uploads\/2025\/08\/megaj2-1024x682.jpeg\" alt=\"\" class=\"wp-image-20486\" srcset=\"https:\/\/entretormentas.com\/wp-content\/uploads\/2025\/08\/megaj2-1024x682.jpeg 1024w, https:\/\/entretormentas.com\/wp-content\/uploads\/2025\/08\/megaj2-300x200.jpeg 300w, https:\/\/entretormentas.com\/wp-content\/uploads\/2025\/08\/megaj2-768x512.jpeg 768w, https:\/\/entretormentas.com\/wp-content\/uploads\/2025\/08\/megaj2.jpeg 1280w\" sizes=\"(max-width: 1024px) 100vw, 1024px\" \/><\/figure>\n\n\n\n<p>El operativo se realiz\u00f3 en la calle 96, frente al Palacio Municipal, desde las 6:00 de la ma\u00f1ana hasta las 3:00 de la tarde, all\u00ed, cientos de marabinos adquirieron productos alimenticios a precios solidarios, atenci\u00f3n m\u00e9dica general, vacunaci\u00f3n, peluquer\u00eda, asesor\u00eda jur\u00eddica, atenci\u00f3n especializada y jornada veterinaria.<\/p>\n\n\n\n<p>Durante la jornada se ofertaron m\u00e1s de una tonelada de vegetales, verduras y tub\u00e9rculos, dos toneladas de pollo y m\u00e1s de 150 cajas de huevos. Adem\u00e1s, como incentivo, por la compra de un pollo o un cart\u00f3n de huevos los usuarios recibieron gratis un combo de verduras y hortalizas.<\/p>\n\n\n\n<p>Esta iniciativa del alcalde de Maracaibo, Gian Carlo Di Martino, forman parte de las pol\u00edticas de gesti\u00f3n del presidente Nicol\u00e1s Maduro Moros.<\/p>\n\n\n\n<p><strong>M\u00c1S DE 500 PERSONAS ATENDIDAS EL 1ER. D\u00cdA<\/strong><br>El director del despacho del alcalde, Gianluigi Di Martino, inform\u00f3 que en el primer d\u00eda de la jornada fueron atendidas m\u00e1s de 500 personas.<\/p>\n\n\n\n<p>\u201cEn apenas d\u00edas de gesti\u00f3n, ya estamos recuperando plazas, asfaltando calles, atendiendo con jornadas y cambiando a Maracaibo. Nuestro compromiso es devolverle a la ciudad el lugar que merece como la primera de Venezuela\u201d, asegur\u00f3.<\/p>\n\n\n\n<figure class=\"wp-block-image size-full\"><img decoding=\"async\" width=\"1024\" height=\"683\" src=\"https:\/\/entretormentas.com\/wp-content\/uploads\/2025\/08\/megaj3.jpeg\" alt=\"\" class=\"wp-image-20487\" srcset=\"https:\/\/entretormentas.com\/wp-content\/uploads\/2025\/08\/megaj3.jpeg 1024w, https:\/\/entretormentas.com\/wp-content\/uploads\/2025\/08\/megaj3-300x200.jpeg 300w, https:\/\/entretormentas.com\/wp-content\/uploads\/2025\/08\/megaj3-768x512.jpeg 768w\" sizes=\"(max-width: 1024px) 100vw, 1024px\" \/><\/figure>\n\n\n\n<p><strong>ATENCI\u00d3N DE SALUD<\/strong><br>Por su parte, la directora municipal de Salud, doctora Mayreth Acosta, se\u00f1al\u00f3 que m\u00e1s de 300 pacientes recibieron atenci\u00f3n m\u00e9dica en la ma\u00f1ana del jueves. Los servicios incluyeron consultas generales, despistaje de hipertensi\u00f3n y diabetes, ex\u00e1menes cardiovasculares, inmunizaciones y entrega de medicamentos.<\/p>\n\n\n\n<p>\u201cEstamos captando pacientes hipertensos para incorporarlos al programa cardio-metab\u00f3lico y garantizar su control y seguimiento. Adem\u00e1s, nuestro alcalde ya avanza en la organizaci\u00f3n de un plan quir\u00fargico junto al gobernador\u201d, explic\u00f3.<\/p>\n\n\n\n<p><strong>ATENCI\u00d3N VETERINARIA Y SERVICIOS SOCIALES<\/strong><br>El Instituto Municipal de Protecci\u00f3n Animal, junto con la Misi\u00f3n Nevado, despleg\u00f3 un equipo veterinario que brind\u00f3 consultas, desparasitaci\u00f3n, corte de u\u00f1as, limpieza de o\u00eddos y vacunaci\u00f3n antirr\u00e1bica.<br>Leonardo Jim\u00e9nez, coordinador de Misi\u00f3n Nevado en Zulia, afirm\u00f3: \u201cSon servicios preventivos que garantizan el bienestar animal. Para el alcalde Di Martino, la salud y la protecci\u00f3n de los animales tambi\u00e9n son prioridad porque forman parte de la familia marabina\u201d.<\/p>\n\n\n\n<p>La jornada tambi\u00e9n incluy\u00f3 servicios gratuitos de asesor\u00eda jur\u00eddica, en alianza con la Defensor\u00eda P\u00fablica, para la atenci\u00f3n de casos de violencia intrafamiliar, protecci\u00f3n de ni\u00f1os, ni\u00f1as y adolescentes, as\u00ed como violencia contra la mujer. Adem\u00e1s, gracias al apoyo de la Misi\u00f3n Robert Serra, se ofrecieron cortes de cabello para adultos y ni\u00f1os.<br><strong><em>ET \/ Prensa Alcald\u00eda de Maracaibo<\/em><\/strong><\/p>\n\n\n\n<p><\/p>\n","protected":false},"excerpt":{"rendered":"<p>ENTRE TORMENTAS. \u00abLas jornadas integrales de mercados populares de la Alcald\u00eda de Maracaibo llegar\u00e1n a&#8230;<\/p>\n","protected":false},"author":2,"featured_media":20488,"comment_status":"closed","ping_status":"open","sticky":false,"template":"","format":"standard","meta":{"footnotes":""},"categories":[57,1],"tags":[],"class_list":["post-20485","post","type-post","status-publish","format-standard","has-post-thumbnail","hentry","category-actualidad","category-regionales"],"_links":{"self":[{"href":"https:\/\/entretormentas.com\/index.php?rest_route=\/wp\/v2\/posts\/20485","targetHints":{"allow":["GET"]}}],"collection":[{"href":"https:\/\/entretormentas.com\/index.php?rest_route=\/wp\/v2\/posts"}],"about":[{"href":"https:\/\/entretormentas.com\/index.php?rest_route=\/wp\/v2\/types\/post"}],"author":[{"embeddable":true,"href":"https:\/\/entretormentas.com\/index.php?rest_route=\/wp\/v2\/users\/2"}],"replies":[{"embeddable":true,"href":"https:\/\/entretormentas.com\/index.php?rest_route=%2Fwp%2Fv2%2Fcomments&post=20485"}],"version-history":[{"count":1,"href":"https:\/\/entretormentas.com\/index.php?rest_route=\/wp\/v2\/posts\/20485\/revisions"}],"predecessor-version":[{"id":20489,"href":"https:\/\/entretormentas.com\/index.php?rest_route=\/wp\/v2\/posts\/20485\/revisions\/20489"}],"wp:featuredmedia":[{"embeddable":true,"href":"https:\/\/entretormentas.com\/index.php?rest_route=\/wp\/v2\/media\/20488"}],"wp:attachment":[{"href":"https:\/\/entretormentas.com\/index.php?rest_route=%2Fwp%2Fv2%2Fmedia&parent=20485"}],"wp:term":[{"taxonomy":"category","embeddable":true,"href":"https:\/\/entretormentas.com\/index.php?rest_route=%2Fwp%2Fv2%2Fcategories&post=20485"},{"taxonomy":"post_tag","embeddable":true,"href":"https:\/\/entretormentas.com\/index.php?rest_route=%2Fwp%2Fv2%2Ftags&post=20485"}],"curies":[{"name":"wp","href":"https:\/\/api.w.org\/{rel}","templated":true}]}}