{"id":20494,"date":"2025-08-15T10:03:09","date_gmt":"2025-08-15T08:03:09","guid":{"rendered":"https:\/\/entretormentas.com\/?p=20494"},"modified":"2025-08-15T10:03:09","modified_gmt":"2025-08-15T08:03:09","slug":"junto-al-gobierno-nacional-alcaldia-de-maracaibo-acompana-el-plan-vacacional-rie-venezuela-2025","status":"publish","type":"post","link":"https:\/\/entretormentas.com\/junto-al-gobierno-nacional-alcaldia-de-maracaibo-acompana-el-plan-vacacional-rie-venezuela-2025\/","title":{"rendered":"\u00a1JUNTO AL GOBIERNO NACIONAL! Alcald\u00eda de Maracaibo acompa\u00f1a el Plan Vacacional R\u00ede Venezuela 2025"},"content":{"rendered":"\n<p><strong>ENTRE TORMENTAS.<\/strong> Durante los tres fines semana del mes de agosto la alcald\u00eda de Maracaibo se unir\u00e1 al plan nacional vacacional R\u00ede Venezuela 2025 del gobierno bolivariano donde Maracaibo se va a insertar a nivel de los 124 circuitos comunales, conjuntamente con la Misi\u00f3n Robert Serra.<\/p>\n\n\n\n<p>As\u00ed lo anunci\u00f3 la primera dama del municipio Maracaibo y directora de Desarrollo Social, Ana Clara Barboza de Di Martino, quien anunci\u00f3 que para tales fines han sostenido conversaciones con el Ministerio de la Juventud, a trav\u00e9s de su secretario estadal, ya que por instrucciones del presidente Nicol\u00e1s Maduro se despleg\u00f3 a nivel nacional este plan R\u00ede Venezuela 2025.<\/p>\n\n\n\n<p>\u201cLa Misi\u00f3n Robert Serra, que concentra a recreadores de las 18 parroquias de Maracaibo, se va a desplegar con las herramientas necesarias para poder darle a nuestros ni\u00f1os y ni\u00f1as, entre 7 y 11 a\u00f1os, horas de esparcimiento, recreaci\u00f3n, actividades deportivas y, por supuesto, aprendiendo a jugar porque tambi\u00e9n jugando se ense\u00f1a\u201d, se\u00f1al\u00f3 Ana Clara de Di Martino.<\/p>\n\n\n\n<figure class=\"wp-block-image size-full\"><img fetchpriority=\"high\" decoding=\"async\" width=\"411\" height=\"397\" src=\"https:\/\/entretormentas.com\/wp-content\/uploads\/2025\/08\/planvaca2.jpeg\" alt=\"\" class=\"wp-image-20495\" srcset=\"https:\/\/entretormentas.com\/wp-content\/uploads\/2025\/08\/planvaca2.jpeg 411w, https:\/\/entretormentas.com\/wp-content\/uploads\/2025\/08\/planvaca2-300x290.jpeg 300w\" sizes=\"(max-width: 411px) 100vw, 411px\" \/><\/figure>\n\n\n\n<p>Barboza de Di Martino manifest\u00f3 que la intenci\u00f3n es que la alcald\u00eda de Maracaibo se sume con todo el apoyo y el acompa\u00f1amiento a este plan que se desarrolla desde inicios del mes de agosto, de lunes a domingo, \u201cpero ahora nosotros nos incorporamos, porque antes no pod\u00edamos por razones de las elecciones municipales, pero ya vamos a acompa\u00f1ar este s\u00e1bado 16 y domingo 17, en la Vereda del Lago, el siguiente fin de semana, s\u00e1bado 23 y domingo 24 en la plaza Ana Mar\u00eda Campos y el \u00faltimo fin de semana 30 y 31 estaremos en Patria Joven\u201d, apunt\u00f3.<\/p>\n\n\n\n<p>Indic\u00f3 que durante estos tres fines de semana estar\u00e1n concentrando 500 ni\u00f1os y ni\u00f1as por d\u00eda de todas las parroquias de Maracaibo, donde podr\u00e1n disfrutar de unas horas de esparcimiento, acompa\u00f1ados de gente profesional y con toda la seguridad que eso significa, con el apoyo del Cuerpo de Bomberos, Polimaracaibo IMDEPREC y Desarrollo Social, para brindarles a ellos unas horas diferentes en este periodo vacacional.<\/p>\n\n\n\n<p><strong>EN SEPTIEMBRE INICIA LOS HIJOS DE LOZ TRABAJADORES <\/strong><\/p>\n\n\n\n<p>La primera dama del municipio tambi\u00e9n inform\u00f3 que est\u00e1 organizando el plan vacacional para los hijos de los trabajadores de la alcald\u00eda de Maracaibo, en coordinaci\u00f3n con la Direcci\u00f3n de Talento Humano. \u201cEl plan est\u00e1 dirigido a 500 ni\u00f1os y ni\u00f1as en edades comprendidas de 7 a 11 a\u00f1os, de direcciones, dependencias, institutos aut\u00f3nomos, que conforman la gran familia alcald\u00eda de Maracaibo para que este plan se desarrolle en la primera semana de septiembre, de lunes a viernes de 9 am a 4 pm\u201d.<\/p>\n\n\n\n<p>El lugar donde se realizar\u00e1 el plan vacacional ser\u00e1 en la Vereda del Lago, \u201ca cielo abierto, cerca de nuestro lago, con todos los promotores deportivos de IMDEPREC y un grupo de recreadores para el disfrute de los ni\u00f1os y ni\u00f1as en las diferentes \u00e1reas de este parque\u201d, enfatiz\u00f3 Barboza de Di Martino.<br><strong><em>ET Prensa Alcald\u00eda de Maracaibo<\/em><\/strong><\/p>\n\n\n\n<p><\/p>\n","protected":false},"excerpt":{"rendered":"<p>ENTRE TORMENTAS. Durante los tres fines semana del mes de agosto la alcald\u00eda de Maracaibo&#8230;<\/p>\n","protected":false},"author":2,"featured_media":20496,"comment_status":"closed","ping_status":"open","sticky":false,"template":"","format":"standard","meta":{"footnotes":""},"categories":[57,1],"tags":[],"class_list":["post-20494","post","type-post","status-publish","format-standard","has-post-thumbnail","hentry","category-actualidad","category-regionales"],"_links":{"self":[{"href":"https:\/\/entretormentas.com\/index.php?rest_route=\/wp\/v2\/posts\/20494","targetHints":{"allow":["GET"]}}],"collection":[{"href":"https:\/\/entretormentas.com\/index.php?rest_route=\/wp\/v2\/posts"}],"about":[{"href":"https:\/\/entretormentas.com\/index.php?rest_route=\/wp\/v2\/types\/post"}],"author":[{"embeddable":true,"href":"https:\/\/entretormentas.com\/index.php?rest_route=\/wp\/v2\/users\/2"}],"replies":[{"embeddable":true,"href":"https:\/\/entretormentas.com\/index.php?rest_route=%2Fwp%2Fv2%2Fcomments&post=20494"}],"version-history":[{"count":1,"href":"https:\/\/entretormentas.com\/index.php?rest_route=\/wp\/v2\/posts\/20494\/revisions"}],"predecessor-version":[{"id":20497,"href":"https:\/\/entretormentas.com\/index.php?rest_route=\/wp\/v2\/posts\/20494\/revisions\/20497"}],"wp:featuredmedia":[{"embeddable":true,"href":"https:\/\/entretormentas.com\/index.php?rest_route=\/wp\/v2\/media\/20496"}],"wp:attachment":[{"href":"https:\/\/entretormentas.com\/index.php?rest_route=%2Fwp%2Fv2%2Fmedia&parent=20494"}],"wp:term":[{"taxonomy":"category","embeddable":true,"href":"https:\/\/entretormentas.com\/index.php?rest_route=%2Fwp%2Fv2%2Fcategories&post=20494"},{"taxonomy":"post_tag","embeddable":true,"href":"https:\/\/entretormentas.com\/index.php?rest_route=%2Fwp%2Fv2%2Ftags&post=20494"}],"curies":[{"name":"wp","href":"https:\/\/api.w.org\/{rel}","templated":true}]}}