{"id":20498,"date":"2025-08-15T10:06:51","date_gmt":"2025-08-15T08:06:51","guid":{"rendered":"https:\/\/entretormentas.com\/?p=20498"},"modified":"2025-08-15T10:06:52","modified_gmt":"2025-08-15T08:06:52","slug":"en-sus-13-5-hectareas-arranca-recuperacion-del-parque-del-sol-y-ocho-instalaciones-del-polideportivo","status":"publish","type":"post","link":"https:\/\/entretormentas.com\/en-sus-13-5-hectareas-arranca-recuperacion-del-parque-del-sol-y-ocho-instalaciones-del-polideportivo\/","title":{"rendered":"\u00a1EN SUS 13.5 HECT\u00c1REAS! Arranca recuperaci\u00f3n del Parque del Sol y ocho instalaciones del polideportivo"},"content":{"rendered":"\n<p><strong>ENTRE TORMENTAS.<\/strong> Teniendo como norte espacios adecuados para el entrenamiento, la atenci\u00f3n de los atletas zulianos y espacios dignos para la recreaci\u00f3n y pr\u00e1ctica deportiva, el gobernador del Zulia, Luis Caldera, marc\u00f3 este jueves 14 de agosto el arranque de la recuperaci\u00f3n integral del Parque del Sol en sus 13.5 hect\u00e1reas y ocho instalaciones del complejo polideportivo, trabajos que en su primera fase se pauta entregar el pr\u00f3ximo 18 de noviembre, D\u00eda de la Virgen de la Chiquinquir\u00e1.<\/p>\n\n\n\n<p>La primera etapa de la obra, comenz\u00f3 con el desmalezamiento, limpieza, arborizaci\u00f3n e iluminaci\u00f3n de los espacios p\u00fablicos con identificaci\u00f3n de tanquillas, recuperaci\u00f3n de postes y transformadores, recuperaci\u00f3n de cerca, caminer\u00edas y estacionamientos de todo el complejo, para continuar con la segunda y tercera etapa, que comprende la recuperaci\u00f3n espacios deportivos, que se desarrollan con el acompa\u00f1amiento y apoyo del presidente Nicol\u00e1s Maduro, a trav\u00e9s del Ministerio del Poder Popular para el deporte.<\/p>\n\n\n\n<figure class=\"wp-block-image size-large\"><img fetchpriority=\"high\" decoding=\"async\" width=\"1024\" height=\"683\" src=\"https:\/\/entretormentas.com\/wp-content\/uploads\/2025\/08\/polipoli2-1024x683.jpeg\" alt=\"\" class=\"wp-image-20499\" srcset=\"https:\/\/entretormentas.com\/wp-content\/uploads\/2025\/08\/polipoli2-1024x683.jpeg 1024w, https:\/\/entretormentas.com\/wp-content\/uploads\/2025\/08\/polipoli2-300x200.jpeg 300w, https:\/\/entretormentas.com\/wp-content\/uploads\/2025\/08\/polipoli2-768x512.jpeg 768w, https:\/\/entretormentas.com\/wp-content\/uploads\/2025\/08\/polipoli2.jpeg 1280w\" sizes=\"(max-width: 1024px) 100vw, 1024px\" \/><\/figure>\n\n\n\n<p>\u201cHoy es un d\u00eda de esperanza y alegr\u00eda para el deporte zuliano\u201d, exclam\u00f3 el gobernador Caldera, acompa\u00f1ado de la primera Dama, Roselyn L\u00f3pez de Caldera; el secretario de Deportes, Fidel Madro\u00f1ero; de los titulares de Infraestructura y Asuntos El\u00e9ctricos del Gobierno regional, Rafick Souki y Rafael Colmen\u00e1rez, respectivamente y de glorias deportivas del deporte zuliano, de presidentes de asociaciones y clubes deportivos.<\/p>\n\n\n\n<p>Las segunda y tercera etapas de trabajo corresponden al abordaje de las instalaciones, iniciando con el Gimnasio Cubierto Belisario Aponte, donde se comenz\u00f3 con la instalaci\u00f3n de 400 toneladas de aire acondicionado para su climatizaci\u00f3n y la recuperaci\u00f3n de la cancha de f\u00fatbol de sal\u00f3n y el gimnasio de combate; tambi\u00e9n con el rescate del Complejo de Piscinas Rafael Vidal, en el que se trabajar\u00e1 en el sistema de bombas y de sus \u00e1reas.<\/p>\n\n\n\n<p>En estas etapas ser\u00e1n atendidas la pista de atletismo y la tribuna popular del Estadio Ol\u00edmpico Pachencho Romero, la Pista de Bicicr\u00f3s Misael V\u00edlchez y los ochos gimnasios de deportes de combate ubicados en el Estadio Luis Aparicio.<\/p>\n\n\n\n<figure class=\"wp-block-image size-large\"><img decoding=\"async\" width=\"1024\" height=\"683\" src=\"https:\/\/entretormentas.com\/wp-content\/uploads\/2025\/08\/polipoli3-1024x683.jpeg\" alt=\"\" class=\"wp-image-20500\" srcset=\"https:\/\/entretormentas.com\/wp-content\/uploads\/2025\/08\/polipoli3-1024x683.jpeg 1024w, https:\/\/entretormentas.com\/wp-content\/uploads\/2025\/08\/polipoli3-300x200.jpeg 300w, https:\/\/entretormentas.com\/wp-content\/uploads\/2025\/08\/polipoli3-768x512.jpeg 768w, https:\/\/entretormentas.com\/wp-content\/uploads\/2025\/08\/polipoli3.jpeg 1280w\" sizes=\"(max-width: 1024px) 100vw, 1024px\" \/><\/figure>\n\n\n\n<p><strong>ATENCI\u00d3N AL ATLETA<\/strong><br>El mandatario zuliano tambi\u00e9n anunci\u00f3 el lanzamiento del Sistema de Atenci\u00f3n al Atleta de Alto Rendimiento, que incluye la recuperaci\u00f3n de las instalaciones y el gimnasio de la Villa Deportiva y el tema de la alimentaci\u00f3n a los deportistas.<\/p>\n\n\n\n<p>En este sentido, el secretario de Deportes del Zulia, Madro\u00f1ero, resalt\u00f3 que se est\u00e1 consolidando este sistema de atenci\u00f3n a atletas, que tiene su propia marca Team Tawala. \u201cLo que vamos a construir en el estado Zulia es una hermandad del deporte y para all\u00e1 vamos\u201d, enfatiz\u00f3.<\/p>\n\n\n\n<p>El gobernador Caldera finaliz\u00f3 exponiendo que en toda esta labor los h\u00e9roes y hero\u00ednas son los deportistas, los presidentes de asociaciones, personal t\u00e9cnico, entrenadores, las glorias deportivas, que nunca han paralizado sus actividades para apoyar la juventud, a los ni\u00f1os y ni\u00f1as, pese a que las instalaciones no estaban acordes por la desinversi\u00f3n, por los momentos duros que vivi\u00f3 el pa\u00eds, entre los que figura la pandemia y donde el deporte fue una de las \u00e1reas m\u00e1s golpeadas.<br><strong><em>ET \/ Nota de Prensa<\/em><\/strong><\/p>\n\n\n\n<p><\/p>\n","protected":false},"excerpt":{"rendered":"<p>ENTRE TORMENTAS. Teniendo como norte espacios adecuados para el entrenamiento, la atenci\u00f3n de los atletas&#8230;<\/p>\n","protected":false},"author":2,"featured_media":20501,"comment_status":"closed","ping_status":"open","sticky":false,"template":"","format":"standard","meta":{"footnotes":""},"categories":[57,1],"tags":[],"class_list":["post-20498","post","type-post","status-publish","format-standard","has-post-thumbnail","hentry","category-actualidad","category-regionales"],"_links":{"self":[{"href":"https:\/\/entretormentas.com\/index.php?rest_route=\/wp\/v2\/posts\/20498","targetHints":{"allow":["GET"]}}],"collection":[{"href":"https:\/\/entretormentas.com\/index.php?rest_route=\/wp\/v2\/posts"}],"about":[{"href":"https:\/\/entretormentas.com\/index.php?rest_route=\/wp\/v2\/types\/post"}],"author":[{"embeddable":true,"href":"https:\/\/entretormentas.com\/index.php?rest_route=\/wp\/v2\/users\/2"}],"replies":[{"embeddable":true,"href":"https:\/\/entretormentas.com\/index.php?rest_route=%2Fwp%2Fv2%2Fcomments&post=20498"}],"version-history":[{"count":1,"href":"https:\/\/entretormentas.com\/index.php?rest_route=\/wp\/v2\/posts\/20498\/revisions"}],"predecessor-version":[{"id":20502,"href":"https:\/\/entretormentas.com\/index.php?rest_route=\/wp\/v2\/posts\/20498\/revisions\/20502"}],"wp:featuredmedia":[{"embeddable":true,"href":"https:\/\/entretormentas.com\/index.php?rest_route=\/wp\/v2\/media\/20501"}],"wp:attachment":[{"href":"https:\/\/entretormentas.com\/index.php?rest_route=%2Fwp%2Fv2%2Fmedia&parent=20498"}],"wp:term":[{"taxonomy":"category","embeddable":true,"href":"https:\/\/entretormentas.com\/index.php?rest_route=%2Fwp%2Fv2%2Fcategories&post=20498"},{"taxonomy":"post_tag","embeddable":true,"href":"https:\/\/entretormentas.com\/index.php?rest_route=%2Fwp%2Fv2%2Ftags&post=20498"}],"curies":[{"name":"wp","href":"https:\/\/api.w.org\/{rel}","templated":true}]}}