{"id":20508,"date":"2025-08-15T10:13:53","date_gmt":"2025-08-15T08:13:53","guid":{"rendered":"https:\/\/entretormentas.com\/?p=20508"},"modified":"2025-08-15T10:13:53","modified_gmt":"2025-08-15T08:13:53","slug":"comite-para-manejo-de-desechos-abordan-problematica-en-el-vertedero-de-jesus-enrique-lossada","status":"publish","type":"post","link":"https:\/\/entretormentas.com\/comite-para-manejo-de-desechos-abordan-problematica-en-el-vertedero-de-jesus-enrique-lossada\/","title":{"rendered":"\u00a1COMIT\u00c9 PARA MANEJO DE DESECHOS! Abordan problem\u00e1tica en el vertedero de Jes\u00fas Enrique Lossada"},"content":{"rendered":"\n<p><strong>ENTRE TORMENTAS. <\/strong>Una mesa de trabajo conjunta instal\u00f3 el Comit\u00e9 Operativo para el Manejo de los Desechos S\u00f3lidos en el municipio Jes\u00fas Enrique Lossada, con el objetivo de mejorar la operatividad del vertedero de La Ci\u00e9naga, dado el incremento de las toneladas de desechos provenientes de Maracaibo y San Francisco, y poder mitigar su impacto en la comunidad.<\/p>\n\n\n\n<p>La reuni\u00f3n la lider\u00f3 el alcalde del municipio Jes\u00fas Enrique Lossada, Carlos Colina, y al encuentro asistieron representantes de la comuna La Ci\u00e9naga y del poder popular organizado.<\/p>\n\n\n\n<figure class=\"wp-block-image size-full\"><img fetchpriority=\"high\" decoding=\"async\" width=\"1020\" height=\"574\" src=\"https:\/\/entretormentas.com\/wp-content\/uploads\/2025\/08\/dese2.jpeg\" alt=\"\" class=\"wp-image-20509\" srcset=\"https:\/\/entretormentas.com\/wp-content\/uploads\/2025\/08\/dese2.jpeg 1020w, https:\/\/entretormentas.com\/wp-content\/uploads\/2025\/08\/dese2-300x169.jpeg 300w, https:\/\/entretormentas.com\/wp-content\/uploads\/2025\/08\/dese2-768x432.jpeg 768w\" sizes=\"(max-width: 1020px) 100vw, 1020px\" \/><\/figure>\n\n\n\n<p>En representaci\u00f3n de la Gobernaci\u00f3n del Zulia participaron Anderson Dur\u00e1n, subsecretario de Ambiente; Nordin Merhi y Luis Atencio, presidentes del Instituto Aut\u00f3nomo Regional de Ambiente (IARA) y del Servicio Aut\u00f3nomo del Relleno Sanitario (SAREZ), respectivamente; el general Edgar Jim\u00e9nez, representante del Ministerio de Ecosocialismo, as\u00ed como representantes de la Alcald\u00eda Bolivariana de Maracaibo.<\/p>\n\n\n\n<p><strong>PUNTOS CLAVES DE LA REUNI\u00d3N<\/strong><br>Se evalu\u00f3 la situaci\u00f3n actual del vertedero, reconociendo la necesidad de una intervenci\u00f3n inmediata para controlar la acumulaci\u00f3n de desechos, as\u00ed como los riesgos ambientales y sanitarios que esto conlleva.<\/p>\n\n\n\n<p>Uno de los puntos focales fue la afectaci\u00f3n directa a los habitantes de las comunidades aleda\u00f1as al vertedero. Se discutieron las quejas y preocupaciones del poder popular, que report\u00f3 problemas de salud.<\/p>\n\n\n\n<p>Las autoridades se comprometieron a buscar soluciones que garanticen el bienestar de la poblaci\u00f3n.<\/p>\n\n\n\n<p>El alcalde Carlos Colina ratific\u00f3 su compromiso de trabajar de la mano con la Gobernaci\u00f3n y las comunidades para solventar esta situaci\u00f3n cr\u00edtica.<\/p>\n\n\n\n<p>Por su parte, el subsecretario de Ambiente, Anderson Dur\u00e1n, acompa\u00f1\u00f3 en el apoyo t\u00e9cnico para la estabilizaci\u00f3n del vertedero, mientras que el presidente del SAREZ, Luis Atencio, present\u00f3 propuestas para un manejo m\u00e1s eficiente y sostenible de los desechos s\u00f3lidos en el municipio.<\/p>\n\n\n\n<figure class=\"wp-block-image size-full\"><img decoding=\"async\" width=\"1020\" height=\"574\" src=\"https:\/\/entretormentas.com\/wp-content\/uploads\/2025\/08\/dese3.jpeg\" alt=\"\" class=\"wp-image-20510\" srcset=\"https:\/\/entretormentas.com\/wp-content\/uploads\/2025\/08\/dese3.jpeg 1020w, https:\/\/entretormentas.com\/wp-content\/uploads\/2025\/08\/dese3-300x169.jpeg 300w, https:\/\/entretormentas.com\/wp-content\/uploads\/2025\/08\/dese3-768x432.jpeg 768w\" sizes=\"(max-width: 1020px) 100vw, 1020px\" \/><\/figure>\n\n\n\n<p>La instalaci\u00f3n de este comit\u00e9 representa un paso importante para la construcci\u00f3n de una soluci\u00f3n integral y participativa al problema de los desechos s\u00f3lidos, priorizando la salud p\u00fablica y la protecci\u00f3n del ambiente.<\/p>\n\n\n\n<p>El s\u00e1bado 9 de agosto, en reuni\u00f3n encabezada por el ministro del Ecosocialismo, Ricardo Molina, y el gobernador Luis Caldera, junto a cinco alcaldes de la regi\u00f3n, qued\u00f3 instalado el Comit\u00e9 Operativo para el Manejo de los Desechos S\u00f3lidos de la entidad.<\/p>\n\n\n\n<p>Junto con el alcalde Colina, en esa instancia, est\u00e1n sus hom\u00f3logos Gian Carlo Di Martino, de Maracaibo; H\u00e9ctor Soto, de San Francisco, Roberto Soto, de La Ca\u00f1ada, y Edgar Labarca, de Mara.<\/p>\n\n\n\n<p>Con la instalaci\u00f3n del Comit\u00e9 Operativo para el Manejo de los Desechos S\u00f3lidos, la Gran Misi\u00f3n Madre Tierra Venezuela, presentada en julio pasado por el presidente Nicol\u00e1s Maduro, lleg\u00f3 al Zulia con fuerza transformadora, afirm\u00f3 el ministro Molina.<br><strong><em>ET \/ Nota de Prensa<\/em><\/strong><\/p>\n\n\n\n<p><\/p>\n","protected":false},"excerpt":{"rendered":"<p>ENTRE TORMENTAS. Una mesa de trabajo conjunta instal\u00f3 el Comit\u00e9 Operativo para el Manejo de&#8230;<\/p>\n","protected":false},"author":2,"featured_media":20511,"comment_status":"closed","ping_status":"open","sticky":false,"template":"","format":"standard","meta":{"footnotes":""},"categories":[57,1],"tags":[],"class_list":["post-20508","post","type-post","status-publish","format-standard","has-post-thumbnail","hentry","category-actualidad","category-regionales"],"_links":{"self":[{"href":"https:\/\/entretormentas.com\/index.php?rest_route=\/wp\/v2\/posts\/20508","targetHints":{"allow":["GET"]}}],"collection":[{"href":"https:\/\/entretormentas.com\/index.php?rest_route=\/wp\/v2\/posts"}],"about":[{"href":"https:\/\/entretormentas.com\/index.php?rest_route=\/wp\/v2\/types\/post"}],"author":[{"embeddable":true,"href":"https:\/\/entretormentas.com\/index.php?rest_route=\/wp\/v2\/users\/2"}],"replies":[{"embeddable":true,"href":"https:\/\/entretormentas.com\/index.php?rest_route=%2Fwp%2Fv2%2Fcomments&post=20508"}],"version-history":[{"count":1,"href":"https:\/\/entretormentas.com\/index.php?rest_route=\/wp\/v2\/posts\/20508\/revisions"}],"predecessor-version":[{"id":20512,"href":"https:\/\/entretormentas.com\/index.php?rest_route=\/wp\/v2\/posts\/20508\/revisions\/20512"}],"wp:featuredmedia":[{"embeddable":true,"href":"https:\/\/entretormentas.com\/index.php?rest_route=\/wp\/v2\/media\/20511"}],"wp:attachment":[{"href":"https:\/\/entretormentas.com\/index.php?rest_route=%2Fwp%2Fv2%2Fmedia&parent=20508"}],"wp:term":[{"taxonomy":"category","embeddable":true,"href":"https:\/\/entretormentas.com\/index.php?rest_route=%2Fwp%2Fv2%2Fcategories&post=20508"},{"taxonomy":"post_tag","embeddable":true,"href":"https:\/\/entretormentas.com\/index.php?rest_route=%2Fwp%2Fv2%2Ftags&post=20508"}],"curies":[{"name":"wp","href":"https:\/\/api.w.org\/{rel}","templated":true}]}}