{"id":20513,"date":"2025-08-15T10:17:40","date_gmt":"2025-08-15T08:17:40","guid":{"rendered":"https:\/\/entretormentas.com\/?p=20513"},"modified":"2025-08-15T10:17:41","modified_gmt":"2025-08-15T08:17:41","slug":"plan-cayapa-de-la-educacion-gobernador-caldera-impulsa-rehabilitacion-de-54-escuelas-del-estado-zulia","status":"publish","type":"post","link":"https:\/\/entretormentas.com\/plan-cayapa-de-la-educacion-gobernador-caldera-impulsa-rehabilitacion-de-54-escuelas-del-estado-zulia\/","title":{"rendered":"\u00a1PLAN CAYAPA DE LA EDUCACI\u00d3N! Gobernador Caldera impulsa rehabilitaci\u00f3n de 54 escuelas del estado Zulia"},"content":{"rendered":"\n<p><strong>ENTRE TORMENTAS. <\/strong>Para el mejoramiento de los espacios de 54 escuelas estadales y nacionales sembradas en el territorio regional, el gobernador del estado Zulia, Luis Caldera despleg\u00f3 el Plan Cayapa de la Educaci\u00f3n junto a las Brigadas Comunitarias Militares (Bricomiles), para que escolares, personal docente, administrativo y obrero inicie el periodo 2025-2026, con espacios dignos para el proceso educativo.<\/p>\n\n\n\n<p>El lanzamiento de este plan, tuvo lugar en la Unidad Educativa Amanda de Jes\u00fas Bravo, sector Sabaneta de la parroquia Manuel Dagnino, donde el mandatario zuliano dio a conocer que el Plan Cayapa de la Educaci\u00f3n incluye de la recuperaci\u00f3n de la infraestructura escolar; as\u00ed como la atenci\u00f3n integral de docentes y personal del magisterio zuliano.<\/p>\n\n\n\n<figure class=\"wp-block-image size-large\"><img fetchpriority=\"high\" decoding=\"async\" width=\"1024\" height=\"683\" src=\"https:\/\/entretormentas.com\/wp-content\/uploads\/2025\/08\/escuelc2-1024x683.jpeg\" alt=\"\" class=\"wp-image-20514\" srcset=\"https:\/\/entretormentas.com\/wp-content\/uploads\/2025\/08\/escuelc2-1024x683.jpeg 1024w, https:\/\/entretormentas.com\/wp-content\/uploads\/2025\/08\/escuelc2-300x200.jpeg 300w, https:\/\/entretormentas.com\/wp-content\/uploads\/2025\/08\/escuelc2-768x512.jpeg 768w, https:\/\/entretormentas.com\/wp-content\/uploads\/2025\/08\/escuelc2.jpeg 1080w\" sizes=\"(max-width: 1024px) 100vw, 1024px\" \/><\/figure>\n\n\n\n<p>El plan avanzar\u00e1 en articulaci\u00f3n con las comunas para la atenci\u00f3n del h\u00e1bitat donde est\u00e1n las escuelas; en el punto y c\u00edrculo de estas \u00e1reas, fortaleciendo el Plan de Escuelas Abiertas y el Programa de Recreaci\u00f3n Nacional, en los 21 municipios del Zulia, coordinando con las Alcald\u00edas Bolivarianas con las comunas.<\/p>\n\n\n\n<p>Destac\u00f3 el gobernador el esfuerzo que viene haciendo el presidente Nicol\u00e1s Maduro, a trav\u00e9s de las Consultas Nacionales Popular, donde las comunas han dado ejemplo de recuperaci\u00f3n de espacios escolares con sus recursos.<\/p>\n\n\n\n<figure class=\"wp-block-image size-large\"><img decoding=\"async\" width=\"1024\" height=\"683\" src=\"https:\/\/entretormentas.com\/wp-content\/uploads\/2025\/08\/escuelc3-1024x683.jpeg\" alt=\"\" class=\"wp-image-20515\" srcset=\"https:\/\/entretormentas.com\/wp-content\/uploads\/2025\/08\/escuelc3-1024x683.jpeg 1024w, https:\/\/entretormentas.com\/wp-content\/uploads\/2025\/08\/escuelc3-300x200.jpeg 300w, https:\/\/entretormentas.com\/wp-content\/uploads\/2025\/08\/escuelc3-768x512.jpeg 768w, https:\/\/entretormentas.com\/wp-content\/uploads\/2025\/08\/escuelc3.jpeg 1080w\" sizes=\"(max-width: 1024px) 100vw, 1024px\" \/><\/figure>\n\n\n\n<p>\u201cEs una buena noticia para el Zulia de que las Bricomiles, la Operaci\u00f3n Juana de \u00c1vila y, sobre todo, esta uni\u00f3n popular-militar recupere estos espacios para el inicio del a\u00f1o escolar 2025-2026\u201d, enfatiz\u00f3.<\/p>\n\n\n\n<p>El mandatario zuliano estuvo acompa\u00f1ado del comandante de la Regi\u00f3n Estrat\u00e9gica de Defensa Integral Occidental, M\/G Pedro Gonz\u00e1lez; del comandante de la Operaci\u00f3n Juana de \u00c1vila, el general Padr\u00f3n; de la secretaria de Educaci\u00f3n, Yamily Su\u00e1rez; el secretario de Comunas, Heider Rojas, representantes del Centro de Desarrollo de la Calidad Educativa, de Fundaeduca, directiva de la instituci\u00f3n escolar y el Poder Popular.<br><strong><em>ET \/ Nota de Prensa<\/em><\/strong><\/p>\n","protected":false},"excerpt":{"rendered":"<p>ENTRE TORMENTAS. Para el mejoramiento de los espacios de 54 escuelas estadales y nacionales sembradas&#8230;<\/p>\n","protected":false},"author":2,"featured_media":20516,"comment_status":"closed","ping_status":"open","sticky":false,"template":"","format":"standard","meta":{"footnotes":""},"categories":[57,1],"tags":[],"class_list":["post-20513","post","type-post","status-publish","format-standard","has-post-thumbnail","hentry","category-actualidad","category-regionales"],"_links":{"self":[{"href":"https:\/\/entretormentas.com\/index.php?rest_route=\/wp\/v2\/posts\/20513","targetHints":{"allow":["GET"]}}],"collection":[{"href":"https:\/\/entretormentas.com\/index.php?rest_route=\/wp\/v2\/posts"}],"about":[{"href":"https:\/\/entretormentas.com\/index.php?rest_route=\/wp\/v2\/types\/post"}],"author":[{"embeddable":true,"href":"https:\/\/entretormentas.com\/index.php?rest_route=\/wp\/v2\/users\/2"}],"replies":[{"embeddable":true,"href":"https:\/\/entretormentas.com\/index.php?rest_route=%2Fwp%2Fv2%2Fcomments&post=20513"}],"version-history":[{"count":1,"href":"https:\/\/entretormentas.com\/index.php?rest_route=\/wp\/v2\/posts\/20513\/revisions"}],"predecessor-version":[{"id":20517,"href":"https:\/\/entretormentas.com\/index.php?rest_route=\/wp\/v2\/posts\/20513\/revisions\/20517"}],"wp:featuredmedia":[{"embeddable":true,"href":"https:\/\/entretormentas.com\/index.php?rest_route=\/wp\/v2\/media\/20516"}],"wp:attachment":[{"href":"https:\/\/entretormentas.com\/index.php?rest_route=%2Fwp%2Fv2%2Fmedia&parent=20513"}],"wp:term":[{"taxonomy":"category","embeddable":true,"href":"https:\/\/entretormentas.com\/index.php?rest_route=%2Fwp%2Fv2%2Fcategories&post=20513"},{"taxonomy":"post_tag","embeddable":true,"href":"https:\/\/entretormentas.com\/index.php?rest_route=%2Fwp%2Fv2%2Ftags&post=20513"}],"curies":[{"name":"wp","href":"https:\/\/api.w.org\/{rel}","templated":true}]}}