{"id":20526,"date":"2025-08-15T10:27:20","date_gmt":"2025-08-15T08:27:20","guid":{"rendered":"https:\/\/entretormentas.com\/?p=20526"},"modified":"2025-08-15T10:27:20","modified_gmt":"2025-08-15T08:27:20","slug":"evaluacion-castrense-padrino-lopez-evalua-amenazas-de-ee-uu-con-oficiales-superiores-de-la-fanb","status":"publish","type":"post","link":"https:\/\/entretormentas.com\/evaluacion-castrense-padrino-lopez-evalua-amenazas-de-ee-uu-con-oficiales-superiores-de-la-fanb\/","title":{"rendered":"\u00a1EVALUACI\u00d3N CASTRENSE! Padrino L\u00f3pez eval\u00faa \u00abamenazas de EE UU\u00bb con oficiales superiores de la FANB"},"content":{"rendered":"\n<p><strong>ENTRE TORMENTAS. <\/strong>El ministro de Defensa, Vladimir Padrino, inform\u00f3 este mi\u00e9rcoles que se reuni\u00f3 con oficiales superiores de la Fuerza Armada Nacional Bolivariana (FANB) para evaluar \u00ablas actuales amenazas a la patria\u00bb, tras las declaraciones por parte del Gobierno estadounidense en contra del presidente Nicol\u00e1s Maduro.<\/p>\n\n\n\n<p>A trav\u00e9s de un mensaje en Telegram, Padrino explic\u00f3 que el encuentro lo sostuvo con \u00ablos nuevos mayores generales y almirantes\u00bb que fueron ascendidos este martes por el jefe de Estado, Nicol\u00e1s Maduro.<\/p>\n\n\n\n<p>\u00abEvaluamos las actuales amenazas a la patria y las transformaciones necesarias que requiere la FANB\u00bb, se\u00f1al\u00f3 el titular de la cartera de Estado, sin precisar m\u00e1s detalles sobre la reuni\u00f3n.<br><strong><em>ET \/ Agencias<\/em><\/strong><\/p>\n","protected":false},"excerpt":{"rendered":"<p>ENTRE TORMENTAS. El ministro de Defensa, Vladimir Padrino, inform\u00f3 este mi\u00e9rcoles que se reuni\u00f3 con&#8230;<\/p>\n","protected":false},"author":2,"featured_media":20527,"comment_status":"closed","ping_status":"open","sticky":false,"template":"","format":"standard","meta":{"footnotes":""},"categories":[56,49],"tags":[],"class_list":["post-20526","post","type-post","status-publish","format-standard","has-post-thumbnail","hentry","category-destacadas","category-nacionales"],"_links":{"self":[{"href":"https:\/\/entretormentas.com\/index.php?rest_route=\/wp\/v2\/posts\/20526","targetHints":{"allow":["GET"]}}],"collection":[{"href":"https:\/\/entretormentas.com\/index.php?rest_route=\/wp\/v2\/posts"}],"about":[{"href":"https:\/\/entretormentas.com\/index.php?rest_route=\/wp\/v2\/types\/post"}],"author":[{"embeddable":true,"href":"https:\/\/entretormentas.com\/index.php?rest_route=\/wp\/v2\/users\/2"}],"replies":[{"embeddable":true,"href":"https:\/\/entretormentas.com\/index.php?rest_route=%2Fwp%2Fv2%2Fcomments&post=20526"}],"version-history":[{"count":1,"href":"https:\/\/entretormentas.com\/index.php?rest_route=\/wp\/v2\/posts\/20526\/revisions"}],"predecessor-version":[{"id":20528,"href":"https:\/\/entretormentas.com\/index.php?rest_route=\/wp\/v2\/posts\/20526\/revisions\/20528"}],"wp:featuredmedia":[{"embeddable":true,"href":"https:\/\/entretormentas.com\/index.php?rest_route=\/wp\/v2\/media\/20527"}],"wp:attachment":[{"href":"https:\/\/entretormentas.com\/index.php?rest_route=%2Fwp%2Fv2%2Fmedia&parent=20526"}],"wp:term":[{"taxonomy":"category","embeddable":true,"href":"https:\/\/entretormentas.com\/index.php?rest_route=%2Fwp%2Fv2%2Fcategories&post=20526"},{"taxonomy":"post_tag","embeddable":true,"href":"https:\/\/entretormentas.com\/index.php?rest_route=%2Fwp%2Fv2%2Ftags&post=20526"}],"curies":[{"name":"wp","href":"https:\/\/api.w.org\/{rel}","templated":true}]}}