{"id":20529,"date":"2025-08-15T10:30:09","date_gmt":"2025-08-15T08:30:09","guid":{"rendered":"https:\/\/entretormentas.com\/?p=20529"},"modified":"2025-08-15T10:34:58","modified_gmt":"2025-08-15T08:34:58","slug":"seguridad-fronteriza-uu-despliega-fuerzas-aereas-y-navales-en-el-caribe-para-frenar-a-carteles-de-la-droga","status":"publish","type":"post","link":"https:\/\/entretormentas.com\/seguridad-fronteriza-uu-despliega-fuerzas-aereas-y-navales-en-el-caribe-para-frenar-a-carteles-de-la-droga\/","title":{"rendered":"\u00a1POL\u00c9MICA GLOBAL! EE.UU. despliega fuerzas a\u00e9reas y navales en el Caribe para frenar a c\u00e1rteles de la droga"},"content":{"rendered":"\n<p><strong>ENTRE TORMENTAS.<\/strong> El gobierno de Estados Unidos ha iniciado el despliegue de fuerzas a\u00e9reas y navales en el sur del mar Caribe como parte de una operaci\u00f3n para contrarrestar las amenazas de c\u00e1rteles de la droga en Am\u00e9rica Latina, informaron medios internacionales.<\/p>\n\n\n\n<p>La medida, impulsada durante la administraci\u00f3n del presidente Donald Trump, tiene como objetivo reforzar la seguridad fronteriza y frenar el tr\u00e1fico de drogas, en l\u00ednea con su estrategia de catalogar a varias organizaciones criminales como \u201cterroristas globales\u201d. El Pent\u00e1gono recibi\u00f3 instrucciones de coordinar acciones con agencias de inteligencia y dise\u00f1ar operaciones que intensifiquen la presi\u00f3n contra estas redes.<\/p>\n\n\n\n<p>Fuentes oficiales confirmaron que al menos dos buques de guerra ya operan en la zona y que se ha fortalecido la vigilancia a\u00e9rea sobre rutas empleadas por los c\u00e1rteles. \u201cEl objetivo es neutralizar amenazas a la seguridad nacional provenientes de organizaciones narco-terroristas en la regi\u00f3n\u201d, se\u00f1al\u00f3 una de las fuentes consultadas.<\/p>\n\n\n\n<figure class=\"wp-block-image size-full\"><img fetchpriority=\"high\" decoding=\"async\" width=\"768\" height=\"450\" src=\"https:\/\/entretormentas.com\/wp-content\/uploads\/2025\/08\/armadagringa2.jpeg\" alt=\"\" class=\"wp-image-20530\" srcset=\"https:\/\/entretormentas.com\/wp-content\/uploads\/2025\/08\/armadagringa2.jpeg 768w, https:\/\/entretormentas.com\/wp-content\/uploads\/2025\/08\/armadagringa2-300x176.jpeg 300w\" sizes=\"(max-width: 768px) 100vw, 768px\" \/><\/figure>\n\n\n\n<p>En febrero, la administraci\u00f3n Trump incluy\u00f3 en la lista de organizaciones terroristas internacionales al C\u00e1rtel de Sinaloa, al grupo venezolano Tren de Aragua y a otras bandas delictivas. Esta pol\u00edtica se enmarca en un plan de persecuci\u00f3n transnacional contra cabecillas y miembros de pandillas.<\/p>\n\n\n\n<p>El operativo tambi\u00e9n coincide con una escalada de presi\u00f3n contra el gobierno de Nicol\u00e1s Maduro. La fiscal general Pam Bondi anunci\u00f3 que la recompensa por su captura aument\u00f3 a 50 millones de d\u00f3lares, acus\u00e1ndolo de emplear organizaciones criminales para introducir drogas y violencia en Estados Unidos.<\/p>\n\n\n\n<p>Bondi tambi\u00e9n revel\u00f3 que el gobierno venezolano paga por utilizar el espacio a\u00e9reo de Honduras, Guatemala y M\u00e9xico, estableciendo un \u201cpuente a\u00e9reo\u201d para el narcotr\u00e1fico hacia territorio norteamericano.<\/p>\n\n\n\n<p>Aunque la Casa Blanca no ha precisado la duraci\u00f3n de la operaci\u00f3n, funcionarios estadounidenses aseguran que se trata de una acci\u00f3n sostenida y prioritaria dentro de su pol\u00edtica exterior y de seguridad nacional.<br><strong><em>ET \/ Agencias<\/em><\/strong><\/p>\n\n\n\n<p><\/p>\n","protected":false},"excerpt":{"rendered":"<p>ENTRE TORMENTAS. El gobierno de Estados Unidos ha iniciado el despliegue de fuerzas a\u00e9reas y&#8230;<\/p>\n","protected":false},"author":2,"featured_media":20531,"comment_status":"closed","ping_status":"open","sticky":false,"template":"","format":"standard","meta":{"footnotes":""},"categories":[56,48],"tags":[],"class_list":["post-20529","post","type-post","status-publish","format-standard","has-post-thumbnail","hentry","category-destacadas","category-internacionales"],"_links":{"self":[{"href":"https:\/\/entretormentas.com\/index.php?rest_route=\/wp\/v2\/posts\/20529","targetHints":{"allow":["GET"]}}],"collection":[{"href":"https:\/\/entretormentas.com\/index.php?rest_route=\/wp\/v2\/posts"}],"about":[{"href":"https:\/\/entretormentas.com\/index.php?rest_route=\/wp\/v2\/types\/post"}],"author":[{"embeddable":true,"href":"https:\/\/entretormentas.com\/index.php?rest_route=\/wp\/v2\/users\/2"}],"replies":[{"embeddable":true,"href":"https:\/\/entretormentas.com\/index.php?rest_route=%2Fwp%2Fv2%2Fcomments&post=20529"}],"version-history":[{"count":2,"href":"https:\/\/entretormentas.com\/index.php?rest_route=\/wp\/v2\/posts\/20529\/revisions"}],"predecessor-version":[{"id":20537,"href":"https:\/\/entretormentas.com\/index.php?rest_route=\/wp\/v2\/posts\/20529\/revisions\/20537"}],"wp:featuredmedia":[{"embeddable":true,"href":"https:\/\/entretormentas.com\/index.php?rest_route=\/wp\/v2\/media\/20531"}],"wp:attachment":[{"href":"https:\/\/entretormentas.com\/index.php?rest_route=%2Fwp%2Fv2%2Fmedia&parent=20529"}],"wp:term":[{"taxonomy":"category","embeddable":true,"href":"https:\/\/entretormentas.com\/index.php?rest_route=%2Fwp%2Fv2%2Fcategories&post=20529"},{"taxonomy":"post_tag","embeddable":true,"href":"https:\/\/entretormentas.com\/index.php?rest_route=%2Fwp%2Fv2%2Ftags&post=20529"}],"curies":[{"name":"wp","href":"https:\/\/api.w.org\/{rel}","templated":true}]}}