{"id":20539,"date":"2025-08-17T12:57:16","date_gmt":"2025-08-17T10:57:16","guid":{"rendered":"https:\/\/entretormentas.com\/?p=20539"},"modified":"2025-08-17T12:57:16","modified_gmt":"2025-08-17T10:57:16","slug":"actividades-integrales-algarabia-infantil-colmo-plan-vacacional-rie-de-la-mano-con-la-alcaldia-de-maracaibo","status":"publish","type":"post","link":"https:\/\/entretormentas.com\/actividades-integrales-algarabia-infantil-colmo-plan-vacacional-rie-de-la-mano-con-la-alcaldia-de-maracaibo\/","title":{"rendered":"\u00a1ACTIVIDADES INTEGRALES! Algarab\u00eda infantil colm\u00f3 Plan Vacacional RIE de la mano con la Alcald\u00eda de Maracaibo"},"content":{"rendered":"\n<p><strong>ENTRE TORMENTAS. <\/strong>La lluvia no impidi\u00f3 el desarrollo del Plan Vacacional RIE con el acompa\u00f1amiento de la Alcald\u00eda de Maracaibo, al cual se sumaron ni\u00f1os de las 18 parroquias de la ciudad, quienes se concentraron en la sede del Tranv\u00eda en el Parque Vereda del Lago.<\/p>\n\n\n\n<p>Ana Clara Barboza de Di Martino, directora de Desarrollo Social de la Alcald\u00eda de Maracaibo, se encarg\u00f3 de dar la bienvenida en compa\u00f1\u00eda de la representante de la Direcci\u00f3n Nacional de Ministerio de la Juventud y entes del ayuntamiento municipal.<\/p>\n\n\n\n<figure class=\"wp-block-image size-full\"><img fetchpriority=\"high\" decoding=\"async\" width=\"1024\" height=\"872\" src=\"https:\/\/entretormentas.com\/wp-content\/uploads\/2025\/08\/rie2.jpg\" alt=\"\" class=\"wp-image-20540\" srcset=\"https:\/\/entretormentas.com\/wp-content\/uploads\/2025\/08\/rie2.jpg 1024w, https:\/\/entretormentas.com\/wp-content\/uploads\/2025\/08\/rie2-300x255.jpg 300w, https:\/\/entretormentas.com\/wp-content\/uploads\/2025\/08\/rie2-768x654.jpg 768w\" sizes=\"(max-width: 1024px) 100vw, 1024px\" \/><\/figure>\n\n\n\n<p>Durante su intervenci\u00f3n Ana Clara de Di Martino le dijo a la chiquillada que tendr\u00edan una ma\u00f1ana diferente, alegre, con la bendici\u00f3n de Dios y agradeci\u00f3 el apoyo de los recreadores, de los Cuerpos de Seguridad, Protecci\u00f3n Civil, Bomberos, as\u00ed como a la direcci\u00f3n del Parque Vereda del Lago, del Tranv\u00eda por preparar los espacios y al Instituto Municipal de la Juventud, por estar pendiente de la organizaci\u00f3n del plan vacacional.<\/p>\n\n\n\n<p>Refiri\u00f3 que se hab\u00edan organizado otras juegos, competencias y bailes al aire libre, pero debido a la lluvia se hicieron cambios, para evitar que los ni\u00f1os y ni\u00f1as se enfermen; por ello se incluir\u00e1 una convivencia donde puedan compartir sin dejar de disfrutar ni de re\u00edr. Prometi\u00f3 realizar otras actividades para los peque\u00f1os y grandes ciudadanos.<\/p>\n\n\n\n<figure class=\"wp-block-image size-full\"><img decoding=\"async\" width=\"1024\" height=\"683\" src=\"https:\/\/entretormentas.com\/wp-content\/uploads\/2025\/08\/rie3.jpg\" alt=\"\" class=\"wp-image-20541\" srcset=\"https:\/\/entretormentas.com\/wp-content\/uploads\/2025\/08\/rie3.jpg 1024w, https:\/\/entretormentas.com\/wp-content\/uploads\/2025\/08\/rie3-300x200.jpg 300w, https:\/\/entretormentas.com\/wp-content\/uploads\/2025\/08\/rie3-768x512.jpg 768w\" sizes=\"(max-width: 1024px) 100vw, 1024px\" \/><\/figure>\n\n\n\n<p>Destac\u00f3 el apoyo del presidente, Nicol\u00e1s Maduro y del Ministerio de la Juventud, para desarrollar en el pa\u00eds el Plan Vacacional RIE 2025, que incluye a ni\u00f1os y ni\u00f1as de los diferentes circuitos comunales; enfatiz\u00f3 que a esta actividad se integran la Alcald\u00eda y la Gobernaci\u00f3n, con sus diversos entes y dependencias adscritas.<\/p>\n\n\n\n<p>Con emotividad reconoci\u00f3 el trabajo que cumplen los l\u00edderes comunitarios, los enlaces pol\u00edticos, quienes est\u00e1n siempre dispuestos a colaborar, acompa\u00f1an a la gente, en momentos de alegr\u00eda y dolor, constituyen el pilar para ejecutar las obras planificadas por la Alcald\u00eda de Maracaibo por el bienestar del pueblo.<br><strong><em>ET \/ Nota de Prensa<\/em><\/strong><\/p>\n\n\n\n<p><\/p>\n","protected":false},"excerpt":{"rendered":"<p>ENTRE TORMENTAS. La lluvia no impidi\u00f3 el desarrollo del Plan Vacacional RIE con el acompa\u00f1amiento&#8230;<\/p>\n","protected":false},"author":2,"featured_media":20542,"comment_status":"closed","ping_status":"open","sticky":false,"template":"","format":"standard","meta":{"footnotes":""},"categories":[57,1],"tags":[],"class_list":["post-20539","post","type-post","status-publish","format-standard","has-post-thumbnail","hentry","category-actualidad","category-regionales"],"_links":{"self":[{"href":"https:\/\/entretormentas.com\/index.php?rest_route=\/wp\/v2\/posts\/20539","targetHints":{"allow":["GET"]}}],"collection":[{"href":"https:\/\/entretormentas.com\/index.php?rest_route=\/wp\/v2\/posts"}],"about":[{"href":"https:\/\/entretormentas.com\/index.php?rest_route=\/wp\/v2\/types\/post"}],"author":[{"embeddable":true,"href":"https:\/\/entretormentas.com\/index.php?rest_route=\/wp\/v2\/users\/2"}],"replies":[{"embeddable":true,"href":"https:\/\/entretormentas.com\/index.php?rest_route=%2Fwp%2Fv2%2Fcomments&post=20539"}],"version-history":[{"count":1,"href":"https:\/\/entretormentas.com\/index.php?rest_route=\/wp\/v2\/posts\/20539\/revisions"}],"predecessor-version":[{"id":20543,"href":"https:\/\/entretormentas.com\/index.php?rest_route=\/wp\/v2\/posts\/20539\/revisions\/20543"}],"wp:featuredmedia":[{"embeddable":true,"href":"https:\/\/entretormentas.com\/index.php?rest_route=\/wp\/v2\/media\/20542"}],"wp:attachment":[{"href":"https:\/\/entretormentas.com\/index.php?rest_route=%2Fwp%2Fv2%2Fmedia&parent=20539"}],"wp:term":[{"taxonomy":"category","embeddable":true,"href":"https:\/\/entretormentas.com\/index.php?rest_route=%2Fwp%2Fv2%2Fcategories&post=20539"},{"taxonomy":"post_tag","embeddable":true,"href":"https:\/\/entretormentas.com\/index.php?rest_route=%2Fwp%2Fv2%2Ftags&post=20539"}],"curies":[{"name":"wp","href":"https:\/\/api.w.org\/{rel}","templated":true}]}}