{"id":20554,"date":"2025-08-17T13:14:13","date_gmt":"2025-08-17T11:14:13","guid":{"rendered":"https:\/\/entretormentas.com\/?p=20554"},"modified":"2025-08-17T13:14:13","modified_gmt":"2025-08-17T11:14:13","slug":"operativo-especial-alcaldia-de-maracaibo-extrae-100-toneladas-de-basura-del-cementerio-el-cuadrado","status":"publish","type":"post","link":"https:\/\/entretormentas.com\/operativo-especial-alcaldia-de-maracaibo-extrae-100-toneladas-de-basura-del-cementerio-el-cuadrado\/","title":{"rendered":"\u00a1OPERATIVO ESPECIAL! Alcald\u00eda de Maracaibo extrae 100 toneladas de basura del Cementerio El Cuadrado"},"content":{"rendered":"\n<p><strong>ENTRE TORMENTAS. <\/strong>En operativo especial de la Alcald\u00eda de Maracaibo en apoyo a la administraci\u00f3n del Cementerio El Cuadrado, se realiz\u00f3 una extensa limpieza donde se extrajeron 100 toneladas de desechos s\u00f3lidos para darle un aspecto digno a este camposanto.<\/p>\n\n\n\n<p>Por instrucciones del alcalde de Maracaibo, Giancarlo Di Martino, se dio inicio a este operativo de limpieza con un equipo de 43 trabajadores del Servicio Desconcentrado de Cementerios Municipales de Maracaibo (SEDECEMA), del Instituto Municipal de Aseo Urbano (IMAU) y la cooperaci\u00f3n de 3 obreros del cementerio.<\/p>\n\n\n\n<figure class=\"wp-block-image size-large\"><img fetchpriority=\"high\" decoding=\"async\" width=\"1024\" height=\"1024\" src=\"https:\/\/entretormentas.com\/wp-content\/uploads\/2025\/08\/cemendi2-1024x1024.jpg\" alt=\"\" class=\"wp-image-20555\" srcset=\"https:\/\/entretormentas.com\/wp-content\/uploads\/2025\/08\/cemendi2-1024x1024.jpg 1024w, https:\/\/entretormentas.com\/wp-content\/uploads\/2025\/08\/cemendi2-300x300.jpg 300w, https:\/\/entretormentas.com\/wp-content\/uploads\/2025\/08\/cemendi2-150x150.jpg 150w, https:\/\/entretormentas.com\/wp-content\/uploads\/2025\/08\/cemendi2-768x768.jpg 768w, https:\/\/entretormentas.com\/wp-content\/uploads\/2025\/08\/cemendi2.jpg 1080w\" sizes=\"(max-width: 1024px) 100vw, 1024px\" \/><\/figure>\n\n\n\n<p>El Cementerio El Cuadrado es un cementerio de propiedad y administraci\u00f3n privada, ubicado en la Avenida Las Delicias de Maracaibo, fundado en 1879 con el nombre de Nuevo Cementerio, es el m\u00e1s antiguo de los cementerios con 146 a\u00f1os. Fue conocido luego como El Cuadrado, por tener la forma de un cuadril\u00e1tero perfecto.<\/p>\n\n\n\n<p>El director del SEDECEMA, Alfonso Cede\u00f1o, inform\u00f3 que, en este cementerio de 4 mil metros cuadrados y 10.200 parcelas, se realiz\u00f3 el desmalezamiento y poda de altura, recolecci\u00f3n de desechos (algunos restos de urnas), barrido manual, pintura de tr\u00e1fico para se\u00f1alizaci\u00f3n, \u201ccon tres cuadrillas y equipos de volteos, retroexcavadoras, guada\u00f1as, moto sierras, dispuestos por el alcalde Di Martino, un poco para aliviar las condiciones en que se encontraba el cementerio\u201d.<\/p>\n\n\n\n<p>Indic\u00f3 que en dos d\u00edas que llevan trabajando en el lugar se le ve otra cara al Cementerio, \u201cporque de verdad que esto parec\u00eda una selva\u201d, apunt\u00f3.<\/p>\n\n\n\n<p>Cede\u00f1o dijo que lamentaba las condiciones deplorables en que se encontraba el cementerio a pesar de ser un camposanto que posee monumentos escult\u00f3ricos de valor hist\u00f3rico y donde reposan muchos de los h\u00e9roes zulianos de la Independencia y de destacados zulianos, como: Jes\u00fas Enrique Lossada, Ismael Urdaneta, Francisco Ochoa (inhumado en 2004), Jes\u00fas Mar\u00eda Portillo, la familia Jugo, Jos\u00e9 Ram\u00f3n Y\u00e9pez, Manuel Dagnino, Antonio Jos\u00e9 Urquinaona, Manuel Trujillo Dur\u00e1n, Guillermo Quintero Luzardo, Eduardo Mathias Lossada, Julio \u00c1rraga, Ud\u00f3n P\u00e9rez (inhumado), las familias Belloso, Rinc\u00f3n, Osorio, Cook, Arria, Von Jess, Dr. Jos\u00e9 Antonio Borjas Romero, por s\u00f3lo mencionar algunos de los hombres y familias m\u00e1s destacadas del Zulia.<\/p>\n\n\n\n<figure class=\"wp-block-image size-large\"><img decoding=\"async\" width=\"1024\" height=\"576\" src=\"https:\/\/entretormentas.com\/wp-content\/uploads\/2025\/08\/cemendi3-1024x576.jpg\" alt=\"\" class=\"wp-image-20556\" srcset=\"https:\/\/entretormentas.com\/wp-content\/uploads\/2025\/08\/cemendi3-1024x576.jpg 1024w, https:\/\/entretormentas.com\/wp-content\/uploads\/2025\/08\/cemendi3-300x169.jpg 300w, https:\/\/entretormentas.com\/wp-content\/uploads\/2025\/08\/cemendi3-768x432.jpg 768w, https:\/\/entretormentas.com\/wp-content\/uploads\/2025\/08\/cemendi3.jpg 1280w\" sizes=\"(max-width: 1024px) 100vw, 1024px\" \/><\/figure>\n\n\n\n<p>El Ec\u00f3nomo del cementerio, Jos\u00e9 Gonz\u00e1lez, dijo que en muchas ocasiones solicit\u00f3 ayuda a la Gobernaci\u00f3n y la alcald\u00eda y que en ninguno de los dos entes le prestaron el apoyo con el argumento de que \u201cno les correspond\u00eda\u201d, pero que gracias al alcalde Giancarlo Di Martino ahora se ve el cambio con el respaldo que les ha brindado para la restauraci\u00f3n y recuperaci\u00f3n de los espacios del cementerio.<\/p>\n\n\n\n<p>Alfonso Cede\u00f1o anunci\u00f3 que la pr\u00f3xima semana seguir\u00e1n los trabajos y se inician en el Cementerio Coraz\u00f3n de Jes\u00fas.<br><strong><em>ET \/ Nota de Prensa<\/em><\/strong><\/p>\n\n\n\n<p><\/p>\n","protected":false},"excerpt":{"rendered":"<p>ENTRE TORMENTAS. En operativo especial de la Alcald\u00eda de Maracaibo en apoyo a la administraci\u00f3n&#8230;<\/p>\n","protected":false},"author":2,"featured_media":20557,"comment_status":"closed","ping_status":"open","sticky":false,"template":"","format":"standard","meta":{"footnotes":""},"categories":[57,1],"tags":[],"class_list":["post-20554","post","type-post","status-publish","format-standard","has-post-thumbnail","hentry","category-actualidad","category-regionales"],"_links":{"self":[{"href":"https:\/\/entretormentas.com\/index.php?rest_route=\/wp\/v2\/posts\/20554","targetHints":{"allow":["GET"]}}],"collection":[{"href":"https:\/\/entretormentas.com\/index.php?rest_route=\/wp\/v2\/posts"}],"about":[{"href":"https:\/\/entretormentas.com\/index.php?rest_route=\/wp\/v2\/types\/post"}],"author":[{"embeddable":true,"href":"https:\/\/entretormentas.com\/index.php?rest_route=\/wp\/v2\/users\/2"}],"replies":[{"embeddable":true,"href":"https:\/\/entretormentas.com\/index.php?rest_route=%2Fwp%2Fv2%2Fcomments&post=20554"}],"version-history":[{"count":1,"href":"https:\/\/entretormentas.com\/index.php?rest_route=\/wp\/v2\/posts\/20554\/revisions"}],"predecessor-version":[{"id":20558,"href":"https:\/\/entretormentas.com\/index.php?rest_route=\/wp\/v2\/posts\/20554\/revisions\/20558"}],"wp:featuredmedia":[{"embeddable":true,"href":"https:\/\/entretormentas.com\/index.php?rest_route=\/wp\/v2\/media\/20557"}],"wp:attachment":[{"href":"https:\/\/entretormentas.com\/index.php?rest_route=%2Fwp%2Fv2%2Fmedia&parent=20554"}],"wp:term":[{"taxonomy":"category","embeddable":true,"href":"https:\/\/entretormentas.com\/index.php?rest_route=%2Fwp%2Fv2%2Fcategories&post=20554"},{"taxonomy":"post_tag","embeddable":true,"href":"https:\/\/entretormentas.com\/index.php?rest_route=%2Fwp%2Fv2%2Ftags&post=20554"}],"curies":[{"name":"wp","href":"https:\/\/api.w.org\/{rel}","templated":true}]}}