{"id":20559,"date":"2025-08-17T13:19:01","date_gmt":"2025-08-17T11:19:01","guid":{"rendered":"https:\/\/entretormentas.com\/?p=20559"},"modified":"2025-08-17T13:19:02","modified_gmt":"2025-08-17T11:19:02","slug":"apoyo-en-el-regreso-a-clases-fuerza-estudiantil-y-juvenil-de-unt-zulia-lanzan-la-campana-unidos-somos-utiles","status":"publish","type":"post","link":"https:\/\/entretormentas.com\/apoyo-en-el-regreso-a-clases-fuerza-estudiantil-y-juvenil-de-unt-zulia-lanzan-la-campana-unidos-somos-utiles\/","title":{"rendered":"\u00a1APOYO EN EL REGRESO A CLASES! Fuerza Estudiantil y Juvenil de UNT Zulia lanzan la campa\u00f1a \u201cUnidos Somos \u00datiles\u201d"},"content":{"rendered":"\n<p><strong>ENTRE TORMENTAS. <\/strong>Con el compromiso de servir y respaldar la educaci\u00f3n como pilar del desarrollo, Un Nuevo Tiempo Estudiantil (UNT Estudiantil) y los J\u00f3venes de la Democracia Social (JDS), con el apoyo de Un Nuevo Tiempo Zulia, inician la campa\u00f1a \u201cUnidos Somos \u00datiles\u201d, una jornada solidaria de recolecci\u00f3n de \u00fatiles escolares y uniformes destinada a ni\u00f1os y j\u00f3venes de la regi\u00f3n.<\/p>\n\n\n\n<p>Bajo el lema \u201cCada l\u00e1piz, cada uniforme, cada gesto cuenta\u201d, la FUERZA JUVENIL del partido en la regi\u00f3n, hace un llamado a la ciudadan\u00eda a participar en esta noble causa, que busca garantizar que m\u00e1s estudiantes zulianos puedan iniciar el nuevo a\u00f1o escolar con las herramientas necesarias para aprender y crecer.<\/p>\n\n\n\n<figure class=\"wp-block-image size-large\"><img fetchpriority=\"high\" decoding=\"async\" width=\"1024\" height=\"759\" src=\"https:\/\/entretormentas.com\/wp-content\/uploads\/2025\/08\/UNTCLASES2-1024x759.jpg\" alt=\"\" class=\"wp-image-20560\" srcset=\"https:\/\/entretormentas.com\/wp-content\/uploads\/2025\/08\/UNTCLASES2-1024x759.jpg 1024w, https:\/\/entretormentas.com\/wp-content\/uploads\/2025\/08\/UNTCLASES2-300x222.jpg 300w, https:\/\/entretormentas.com\/wp-content\/uploads\/2025\/08\/UNTCLASES2-768x569.jpg 768w, https:\/\/entretormentas.com\/wp-content\/uploads\/2025\/08\/UNTCLASES2.jpg 1280w\" sizes=\"(max-width: 1024px) 100vw, 1024px\" \/><\/figure>\n\n\n\n<p>La recolecci\u00f3n se llevar\u00e1 a cabo en la Sede Regional de UNT Zulia, ubicada en el sector Las Mercedes, diagonal a la Iglesia Las Mercedes, los d\u00edas lunes, martes y mi\u00e9rcoles, a partir de las 9:00 de la ma\u00f1ana.<\/p>\n\n\n\n<p>\u201cCuando compartimos, construimos futuro. Hoy m\u00e1s que nunca, la solidaridad puede abrirle la puerta del aula a un ni\u00f1o que sue\u00f1a con aprender\u201d, expres\u00f3 la dirigencia estudiantil encabezada por Michelle Gonz\u00e1lez, quien invit\u00f3 a toda la comunidad a sumarse con donaciones de cuadernos, l\u00e1pices, colores, morrales, camisas, pantalones y dem\u00e1s implementos escolares.<\/p>\n\n\n\n<figure class=\"wp-block-image size-large\"><img decoding=\"async\" width=\"1024\" height=\"723\" src=\"https:\/\/entretormentas.com\/wp-content\/uploads\/2025\/08\/UNTCLASES3-1024x723.jpg\" alt=\"\" class=\"wp-image-20561\" srcset=\"https:\/\/entretormentas.com\/wp-content\/uploads\/2025\/08\/UNTCLASES3-1024x723.jpg 1024w, https:\/\/entretormentas.com\/wp-content\/uploads\/2025\/08\/UNTCLASES3-300x212.jpg 300w, https:\/\/entretormentas.com\/wp-content\/uploads\/2025\/08\/UNTCLASES3-768x542.jpg 768w, https:\/\/entretormentas.com\/wp-content\/uploads\/2025\/08\/UNTCLASES3.jpg 1280w\" sizes=\"(max-width: 1024px) 100vw, 1024px\" \/><\/figure>\n\n\n\n<p>Por su parte, Andrea Calles, presidenta de la JDS destac\u00f3 el compromiso que impulsa esta uni\u00f3n, ya que como j\u00f3venes creen plenamente que su energ\u00eda y pasi\u00f3n pueden marcar la diferencia. Nos sumamos a esta iniciativa porque cada aporte es un paso hacia un futuro lleno de esperanza y oportunidades.\u201d Vale se\u00f1alar que, con este apoyo, la fuerza estudiantil de UNT Zulia se ampl\u00eda, multiplicando el impacto solidario en la comunidad educativa.<\/p>\n\n\n\n<p>-Punto de recolecci\u00f3n: Sede Regional UNT Zulia \u2013 Las Mercedes, diagonal a la Iglesia Las Mercedes.<\/p>\n\n\n\n<p>-Horario: Lunes, martes y mi\u00e9rcoles \u2013 9:00 a.m.<\/p>\n\n\n\n<p>-Contacto: 0412-595.89.49<br><strong><em>ET \/ Nota de Prensa<\/em><\/strong><\/p>\n","protected":false},"excerpt":{"rendered":"<p>ENTRE TORMENTAS. Con el compromiso de servir y respaldar la educaci\u00f3n como pilar del desarrollo,&#8230;<\/p>\n","protected":false},"author":2,"featured_media":20562,"comment_status":"closed","ping_status":"open","sticky":false,"template":"","format":"standard","meta":{"footnotes":""},"categories":[56,1],"tags":[],"class_list":["post-20559","post","type-post","status-publish","format-standard","has-post-thumbnail","hentry","category-destacadas","category-regionales"],"_links":{"self":[{"href":"https:\/\/entretormentas.com\/index.php?rest_route=\/wp\/v2\/posts\/20559","targetHints":{"allow":["GET"]}}],"collection":[{"href":"https:\/\/entretormentas.com\/index.php?rest_route=\/wp\/v2\/posts"}],"about":[{"href":"https:\/\/entretormentas.com\/index.php?rest_route=\/wp\/v2\/types\/post"}],"author":[{"embeddable":true,"href":"https:\/\/entretormentas.com\/index.php?rest_route=\/wp\/v2\/users\/2"}],"replies":[{"embeddable":true,"href":"https:\/\/entretormentas.com\/index.php?rest_route=%2Fwp%2Fv2%2Fcomments&post=20559"}],"version-history":[{"count":1,"href":"https:\/\/entretormentas.com\/index.php?rest_route=\/wp\/v2\/posts\/20559\/revisions"}],"predecessor-version":[{"id":20563,"href":"https:\/\/entretormentas.com\/index.php?rest_route=\/wp\/v2\/posts\/20559\/revisions\/20563"}],"wp:featuredmedia":[{"embeddable":true,"href":"https:\/\/entretormentas.com\/index.php?rest_route=\/wp\/v2\/media\/20562"}],"wp:attachment":[{"href":"https:\/\/entretormentas.com\/index.php?rest_route=%2Fwp%2Fv2%2Fmedia&parent=20559"}],"wp:term":[{"taxonomy":"category","embeddable":true,"href":"https:\/\/entretormentas.com\/index.php?rest_route=%2Fwp%2Fv2%2Fcategories&post=20559"},{"taxonomy":"post_tag","embeddable":true,"href":"https:\/\/entretormentas.com\/index.php?rest_route=%2Fwp%2Fv2%2Ftags&post=20559"}],"curies":[{"name":"wp","href":"https:\/\/api.w.org\/{rel}","templated":true}]}}