{"id":20574,"date":"2025-08-17T13:34:35","date_gmt":"2025-08-17T11:34:35","guid":{"rendered":"https:\/\/entretormentas.com\/?p=20574"},"modified":"2025-08-17T13:34:36","modified_gmt":"2025-08-17T11:34:36","slug":"en-castillete-gobernador-caldera-y-autoridades-militares-izaron-nuevo-tricolor-nacional-en-el-hito-%e2%84%961","status":"publish","type":"post","link":"https:\/\/entretormentas.com\/en-castillete-gobernador-caldera-y-autoridades-militares-izaron-nuevo-tricolor-nacional-en-el-hito-%e2%84%961\/","title":{"rendered":"\u00a1EN CASTILLETE! Gobernador Caldera y autoridades militares izaron nuevo tricolor nacional en el hito \u21161*"},"content":{"rendered":"\n<p><strong>ENTRE TORMENTAS. <\/strong>El gobernador del estado Zulia y el alto mando militar acantonado en la entidad, izaron un nuevo tricolor nacional en Castilletes, en el hito \u21161, s\u00edmbolo de soberan\u00eda del pa\u00eds, donde comienza el mapa de Venezuela en su frontera con la hermana Colombia.<\/p>\n\n\n\n<figure class=\"wp-block-image size-large\"><img fetchpriority=\"high\" decoding=\"async\" width=\"1024\" height=\"683\" src=\"https:\/\/entretormentas.com\/wp-content\/uploads\/2025\/08\/HITO2-1024x683.jpg\" alt=\"\" class=\"wp-image-20575\" srcset=\"https:\/\/entretormentas.com\/wp-content\/uploads\/2025\/08\/HITO2-1024x683.jpg 1024w, https:\/\/entretormentas.com\/wp-content\/uploads\/2025\/08\/HITO2-300x200.jpg 300w, https:\/\/entretormentas.com\/wp-content\/uploads\/2025\/08\/HITO2-768x512.jpg 768w, https:\/\/entretormentas.com\/wp-content\/uploads\/2025\/08\/HITO2.jpg 1080w\" sizes=\"(max-width: 1024px) 100vw, 1024px\" \/><\/figure>\n\n\n\n<p>\u201cLlegamos a Castilletes, en nuestro amado municipio Guajira, con el alma de la patria y la fuerza de la uni\u00f3n c\u00edvico militar. (\u2026) Con nuestros hermanos militares venimos a Castilletes, al hito \u21161 con una nueva bandera, con un nuevo s\u00edmbolo donde nace Venezuela, en estos momentos de defensa de la Patria\u201d, expres\u00f3 el gobernador Caldera.<\/p>\n\n\n\n<p>Reafirm\u00f3, junto a los comandantes de la Redi Occidental y la Zodi Zulia, MG Pedro Gonz\u00e1lez y GD Javier Magallanes, respectivamente y la primera Dama del Zulia, Rossely L\u00f3pez de Caldera, el compromiso con la paz, la soberan\u00eda y el amor por el pueblo.<\/p>\n\n\n\n<figure class=\"wp-block-image size-large\"><img decoding=\"async\" width=\"1024\" height=\"683\" src=\"https:\/\/entretormentas.com\/wp-content\/uploads\/2025\/08\/HITO3-1024x683.jpg\" alt=\"\" class=\"wp-image-20576\" srcset=\"https:\/\/entretormentas.com\/wp-content\/uploads\/2025\/08\/HITO3-1024x683.jpg 1024w, https:\/\/entretormentas.com\/wp-content\/uploads\/2025\/08\/HITO3-300x200.jpg 300w, https:\/\/entretormentas.com\/wp-content\/uploads\/2025\/08\/HITO3-768x512.jpg 768w, https:\/\/entretormentas.com\/wp-content\/uploads\/2025\/08\/HITO3.jpg 1080w\" sizes=\"(max-width: 1024px) 100vw, 1024px\" \/><\/figure>\n\n\n\n<p>La acci\u00f3n marc\u00f3 el inicio de la jornada de trabajo del gobernador de este s\u00e1bado 16 de agosto, junto al ministro del Poder Popular para el Transporte, Ram\u00f3n Vel\u00e1squez Araguay\u00e1n; que incluy\u00f3 la supervisi\u00f3n de obras de vialidad, la inauguraci\u00f3n del Terminal Lacustre Cacique Nigale e inspecci\u00f3n de trabajos de rehabilitaci\u00f3n del Puente Gral. Rafael Urdaneta.<br><strong><em>ET \/ Nota de Prensa<\/em><\/strong><\/p>\n","protected":false},"excerpt":{"rendered":"<p>ENTRE TORMENTAS. El gobernador del estado Zulia y el alto mando militar acantonado en la&#8230;<\/p>\n","protected":false},"author":2,"featured_media":20577,"comment_status":"closed","ping_status":"open","sticky":false,"template":"","format":"standard","meta":{"footnotes":""},"categories":[56,1],"tags":[],"class_list":["post-20574","post","type-post","status-publish","format-standard","has-post-thumbnail","hentry","category-destacadas","category-regionales"],"_links":{"self":[{"href":"https:\/\/entretormentas.com\/index.php?rest_route=\/wp\/v2\/posts\/20574","targetHints":{"allow":["GET"]}}],"collection":[{"href":"https:\/\/entretormentas.com\/index.php?rest_route=\/wp\/v2\/posts"}],"about":[{"href":"https:\/\/entretormentas.com\/index.php?rest_route=\/wp\/v2\/types\/post"}],"author":[{"embeddable":true,"href":"https:\/\/entretormentas.com\/index.php?rest_route=\/wp\/v2\/users\/2"}],"replies":[{"embeddable":true,"href":"https:\/\/entretormentas.com\/index.php?rest_route=%2Fwp%2Fv2%2Fcomments&post=20574"}],"version-history":[{"count":1,"href":"https:\/\/entretormentas.com\/index.php?rest_route=\/wp\/v2\/posts\/20574\/revisions"}],"predecessor-version":[{"id":20578,"href":"https:\/\/entretormentas.com\/index.php?rest_route=\/wp\/v2\/posts\/20574\/revisions\/20578"}],"wp:featuredmedia":[{"embeddable":true,"href":"https:\/\/entretormentas.com\/index.php?rest_route=\/wp\/v2\/media\/20577"}],"wp:attachment":[{"href":"https:\/\/entretormentas.com\/index.php?rest_route=%2Fwp%2Fv2%2Fmedia&parent=20574"}],"wp:term":[{"taxonomy":"category","embeddable":true,"href":"https:\/\/entretormentas.com\/index.php?rest_route=%2Fwp%2Fv2%2Fcategories&post=20574"},{"taxonomy":"post_tag","embeddable":true,"href":"https:\/\/entretormentas.com\/index.php?rest_route=%2Fwp%2Fv2%2Ftags&post=20574"}],"curies":[{"name":"wp","href":"https:\/\/api.w.org\/{rel}","templated":true}]}}