{"id":20596,"date":"2025-08-18T09:03:53","date_gmt":"2025-08-18T07:03:53","guid":{"rendered":"https:\/\/entretormentas.com\/?p=20596"},"modified":"2025-08-18T09:03:53","modified_gmt":"2025-08-18T07:03:53","slug":"administrativamente-el-8-sep-ministro-anuncia-que-las-clases-inician-el-15-de-septiembre-para-basica-y-diversificada","status":"publish","type":"post","link":"https:\/\/entretormentas.com\/administrativamente-el-8-sep-ministro-anuncia-que-las-clases-inician-el-15-de-septiembre-para-basica-y-diversificada\/","title":{"rendered":"\u00a1ADMINISTRATIVAMENTE EL 8-SEP! Ministro anuncia que las clases inician el 15 de septiembre para b\u00e1sica y diversificada"},"content":{"rendered":"\n<p><strong>ENTRE TORMENTAS. <\/strong>El ministro de Educaci\u00f3n, H\u00e9ctor Rodr\u00edguez Castro, explic\u00f3 este fin de semana c\u00f3mo ser\u00e1 el inicio del a\u00f1o escolar 2025-2026. Las declaraciones las ofreci\u00f3 durante un acto de felicitaci\u00f3n por los XIX Juegos Deportivos Nacionales Estudiantiles.<\/p>\n\n\n\n<p>Rodr\u00edguez dijo que las vacaciones sirven para buscar a j\u00f3venes y peque\u00f1os que a\u00fan no est\u00e9n escolarizados, as\u00ed como para seguir rehabilitando instituciones.<\/p>\n\n\n\n<p>De igual modo, destac\u00f3 que el 8 de septiembre comenzar\u00e1n las actividades administrativas de los colegios y el 15 las clases.<\/p>\n\n\n\n<p>Asimismo, anunci\u00f3 que, a partir del pr\u00f3ximo 20 de agosto, se inician los Juegos Comunales de Venezuela, por diversas fases que se extender\u00e1n hasta el mes de diciembre de 2025.<\/p>\n\n\n\n<figure class=\"wp-block-image size-full\"><img fetchpriority=\"high\" decoding=\"async\" width=\"677\" height=\"374\" src=\"https:\/\/entretormentas.com\/wp-content\/uploads\/2025\/08\/HECTOREDU.jpeg\" alt=\"\" class=\"wp-image-20597\" srcset=\"https:\/\/entretormentas.com\/wp-content\/uploads\/2025\/08\/HECTOREDU.jpeg 677w, https:\/\/entretormentas.com\/wp-content\/uploads\/2025\/08\/HECTOREDU-300x166.jpeg 300w\" sizes=\"(max-width: 677px) 100vw, 677px\" \/><\/figure>\n\n\n\n<p><strong>Escuelas y liceos rehabilitados<\/strong><br>Recientemente, se inform\u00f3 que m\u00e1s de 300 escuelas y liceos en todo el pa\u00eds son rehabilitados por el Gobierno nacional durante el periodo vacacional.<\/p>\n\n\n\n<p>As\u00ed lo confirm\u00f3 el viceministro de Instalaciones y Log\u00edstica del despacho de Educaci\u00f3n, Willian Gil.<\/p>\n\n\n\n<p>Durante una reuni\u00f3n con los coordinadores nacionales de la Fundaci\u00f3n de Edificaciones y Dotaciones Educativas (FEDE), Gil explic\u00f3 que definieron acciones y lineamientos de cara al nuevo a\u00f1o escolar, refiere una NDP.<\/p>\n\n\n\n<p>Asimismo, precis\u00f3 que se orient\u00f3 a los coordinadores de la FEDE sobre las prioridades para este periodo, haciendo \u00e9nfasis en la optimizaci\u00f3n de recursos, el fortalecimiento de la infraestructura escolar y la atenci\u00f3n especial a las zonas de mayor vulnerabilidad.<br><strong><em>ET \/ Agencias<\/em><\/strong><\/p>\n\n\n\n<p><\/p>\n","protected":false},"excerpt":{"rendered":"<p>ENTRE TORMENTAS. El ministro de Educaci\u00f3n, H\u00e9ctor Rodr\u00edguez Castro, explic\u00f3 este fin de semana c\u00f3mo&#8230;<\/p>\n","protected":false},"author":2,"featured_media":20598,"comment_status":"closed","ping_status":"open","sticky":false,"template":"","format":"standard","meta":{"footnotes":""},"categories":[56,49],"tags":[],"class_list":["post-20596","post","type-post","status-publish","format-standard","has-post-thumbnail","hentry","category-destacadas","category-nacionales"],"_links":{"self":[{"href":"https:\/\/entretormentas.com\/index.php?rest_route=\/wp\/v2\/posts\/20596","targetHints":{"allow":["GET"]}}],"collection":[{"href":"https:\/\/entretormentas.com\/index.php?rest_route=\/wp\/v2\/posts"}],"about":[{"href":"https:\/\/entretormentas.com\/index.php?rest_route=\/wp\/v2\/types\/post"}],"author":[{"embeddable":true,"href":"https:\/\/entretormentas.com\/index.php?rest_route=\/wp\/v2\/users\/2"}],"replies":[{"embeddable":true,"href":"https:\/\/entretormentas.com\/index.php?rest_route=%2Fwp%2Fv2%2Fcomments&post=20596"}],"version-history":[{"count":1,"href":"https:\/\/entretormentas.com\/index.php?rest_route=\/wp\/v2\/posts\/20596\/revisions"}],"predecessor-version":[{"id":20599,"href":"https:\/\/entretormentas.com\/index.php?rest_route=\/wp\/v2\/posts\/20596\/revisions\/20599"}],"wp:featuredmedia":[{"embeddable":true,"href":"https:\/\/entretormentas.com\/index.php?rest_route=\/wp\/v2\/media\/20598"}],"wp:attachment":[{"href":"https:\/\/entretormentas.com\/index.php?rest_route=%2Fwp%2Fv2%2Fmedia&parent=20596"}],"wp:term":[{"taxonomy":"category","embeddable":true,"href":"https:\/\/entretormentas.com\/index.php?rest_route=%2Fwp%2Fv2%2Fcategories&post=20596"},{"taxonomy":"post_tag","embeddable":true,"href":"https:\/\/entretormentas.com\/index.php?rest_route=%2Fwp%2Fv2%2Ftags&post=20596"}],"curies":[{"name":"wp","href":"https:\/\/api.w.org\/{rel}","templated":true}]}}