{"id":20604,"date":"2025-08-18T09:12:11","date_gmt":"2025-08-18T07:12:11","guid":{"rendered":"https:\/\/entretormentas.com\/?p=20604"},"modified":"2025-08-18T09:12:12","modified_gmt":"2025-08-18T07:12:12","slug":"respaldo-global-venezuela-agradece-al-grupo-de-amigos-por-solidaridad-ante-amenaza-militar-de-eeuu","status":"publish","type":"post","link":"https:\/\/entretormentas.com\/respaldo-global-venezuela-agradece-al-grupo-de-amigos-por-solidaridad-ante-amenaza-militar-de-eeuu\/","title":{"rendered":"\u00a1RESPALDO GLOBAL! Venezuela agradece al Grupo de Amigos por solidaridad ante amenaza militar de EEUU"},"content":{"rendered":"\n<p><strong>ENTRE TORMENTAS. <\/strong>A trav\u00e9s de un comunicado oficial, el canciller Yv\u00e1n Gil, en nombre del presidente de la Rep\u00fablica Bolivariana de Venezuela, Nicol\u00e1s Maduro, agradeci\u00f3 al Grupo de Amigos en Defensa de la Carta de las Naciones Unidas por su solidaridad y su firme rechazo ante las amenazas militares del Gobierno de Estados Unidos (EE. UU.), las cuales carecen de fundamento.<\/p>\n\n\n\n<p>El 16 de agosto del presente a\u00f1o, el Grupo de Amigos en Defensa de la Carta de las Naciones Unidas expres\u00f3 su profunda preocupaci\u00f3n por las recientes acciones hostiles de Washington contra Venezuela que buscan socavar la soberan\u00eda e independencia pol\u00edtica de la naci\u00f3n.<\/p>\n\n\n\n<p>\u201cFalsas acusaciones sobre temas relacionados con el narcotr\u00e1fico y, por otro lado, perturbar la paz social y el crecimiento econ\u00f3mico sostenido de la naci\u00f3n \u2013a pesar del impacto negativo de las pol\u00edticas coercitivas unilaterales aplicadas ilegalmente por el Gobierno de los Estados Unidos\u201d, cita el documento.<\/p>\n\n\n\n<p>Al mismo tiempo, los miembros del Grupo de Amigos en Defensa de la Carta de la ONU exhortaron a todas las autoridades que forman parte de las Naciones Unidas a que se ajusten a los principios consagrados en la carta fundacional del referido organismo internacional, incluida la igualdad, la determinaci\u00f3n y la no injerencia en los asuntos internos de los Estados.<br><strong><em>ET \/ VTV<\/em><\/strong><\/p>\n","protected":false},"excerpt":{"rendered":"<p>ENTRE TORMENTAS. A trav\u00e9s de un comunicado oficial, el canciller Yv\u00e1n Gil, en nombre del&#8230;<\/p>\n","protected":false},"author":2,"featured_media":20605,"comment_status":"closed","ping_status":"open","sticky":false,"template":"","format":"standard","meta":{"footnotes":""},"categories":[56,49],"tags":[],"class_list":["post-20604","post","type-post","status-publish","format-standard","has-post-thumbnail","hentry","category-destacadas","category-nacionales"],"_links":{"self":[{"href":"https:\/\/entretormentas.com\/index.php?rest_route=\/wp\/v2\/posts\/20604","targetHints":{"allow":["GET"]}}],"collection":[{"href":"https:\/\/entretormentas.com\/index.php?rest_route=\/wp\/v2\/posts"}],"about":[{"href":"https:\/\/entretormentas.com\/index.php?rest_route=\/wp\/v2\/types\/post"}],"author":[{"embeddable":true,"href":"https:\/\/entretormentas.com\/index.php?rest_route=\/wp\/v2\/users\/2"}],"replies":[{"embeddable":true,"href":"https:\/\/entretormentas.com\/index.php?rest_route=%2Fwp%2Fv2%2Fcomments&post=20604"}],"version-history":[{"count":1,"href":"https:\/\/entretormentas.com\/index.php?rest_route=\/wp\/v2\/posts\/20604\/revisions"}],"predecessor-version":[{"id":20606,"href":"https:\/\/entretormentas.com\/index.php?rest_route=\/wp\/v2\/posts\/20604\/revisions\/20606"}],"wp:featuredmedia":[{"embeddable":true,"href":"https:\/\/entretormentas.com\/index.php?rest_route=\/wp\/v2\/media\/20605"}],"wp:attachment":[{"href":"https:\/\/entretormentas.com\/index.php?rest_route=%2Fwp%2Fv2%2Fmedia&parent=20604"}],"wp:term":[{"taxonomy":"category","embeddable":true,"href":"https:\/\/entretormentas.com\/index.php?rest_route=%2Fwp%2Fv2%2Fcategories&post=20604"},{"taxonomy":"post_tag","embeddable":true,"href":"https:\/\/entretormentas.com\/index.php?rest_route=%2Fwp%2Fv2%2Ftags&post=20604"}],"curies":[{"name":"wp","href":"https:\/\/api.w.org\/{rel}","templated":true}]}}