{"id":20611,"date":"2025-08-18T09:23:06","date_gmt":"2025-08-18T07:23:06","guid":{"rendered":"https:\/\/entretormentas.com\/?p=20611"},"modified":"2025-08-18T09:23:06","modified_gmt":"2025-08-18T07:23:06","slug":"la-izquierda-quedo-relegada-rodrigo-paz-y-jorge-quiroga-disputaran-segunda-vuelta-por-la-presidencia-de-bolivia","status":"publish","type":"post","link":"https:\/\/entretormentas.com\/la-izquierda-quedo-relegada-rodrigo-paz-y-jorge-quiroga-disputaran-segunda-vuelta-por-la-presidencia-de-bolivia\/","title":{"rendered":"\u00a1LA IZQUIERDA QUED\u00d3 RELEGADA! Rodrigo Paz y Jorge Quiroga disputar\u00e1n segunda vuelta por la Presidencia de Bolivia"},"content":{"rendered":"\n<p><strong>ENTRE TORMENTAS. <\/strong>El centro derechista Rodrigo Paz, del Partido Dem\u00f3crata Cristiano, obtuvo el 32% de los votos en la primera vuelta por la presidencia de Bolivia. Disputar\u00e1 una segunda vuelta contra el expresidente conservador, Jorge Tuto Quiroga, que obtuvo el 27%, seg\u00fan los resultados oficiales con el 90% de las actas escrutadas.<\/p>\n\n\n\n<p>Andr\u00f3nico Rodr\u00edguez, el representante de la izquierda, qued\u00f3 relegado al cuarto lugar con el 8% de los votos. Samuel Doria Medina fue la gran decepci\u00f3n. Tras liderar todos los sondeos, qued\u00f3 en tercer lugar con el 20,2%.<\/p>\n\n\n\n<figure class=\"wp-block-image size-full\"><img fetchpriority=\"high\" decoding=\"async\" width=\"599\" height=\"399\" src=\"https:\/\/entretormentas.com\/wp-content\/uploads\/2025\/08\/BOLIVIAELECCI.jpg\" alt=\"\" class=\"wp-image-20612\" srcset=\"https:\/\/entretormentas.com\/wp-content\/uploads\/2025\/08\/BOLIVIAELECCI.jpg 599w, https:\/\/entretormentas.com\/wp-content\/uploads\/2025\/08\/BOLIVIAELECCI-300x200.jpg 300w\" sizes=\"(max-width: 599px) 100vw, 599px\" \/><\/figure>\n\n\n\n<p>La jornada de votaci\u00f3n se desarroll\u00f3 sin mayores percances y las misiones de observaci\u00f3n de la OEA y la UE destacaron la tranquilidad y \u201cvocaci\u00f3n democr\u00e1tica\u201d con el que se llevaron adelante los comicios.<\/p>\n\n\n\n<p>El candidato de centro derecha, Rodrigo Paz (Partido Dem\u00f3crata Cristiano), con 32,1% de los votos, disputar\u00e1 una segunda vuelta con el derechista liberal y expresidente Jorge Quiroga (Alianza Libre), con 26,93%, seg\u00fan los datos del conteo r\u00e1pido del \u00f3rgano electoral.<\/p>\n\n\n\n<p>En tercer lugar ha quedado Samuel Doria Medina con 20%, seguido de Andr\u00f3nico Rodr\u00edguez (8,12%) y Manfred Reyes Villa (6,63%). La candidatura oficialista de Eduardo del Castillo obtiene el 3,14% . El resto de los candidatos no llega al 2%.<br><strong><em>ET \/ El Pa\u00eds<\/em><\/strong><\/p>\n\n\n\n<p><\/p>\n","protected":false},"excerpt":{"rendered":"<p>ENTRE TORMENTAS. El centro derechista Rodrigo Paz, del Partido Dem\u00f3crata Cristiano, obtuvo el 32% de&#8230;<\/p>\n","protected":false},"author":2,"featured_media":20613,"comment_status":"closed","ping_status":"open","sticky":false,"template":"","format":"standard","meta":{"footnotes":""},"categories":[56,48],"tags":[],"class_list":["post-20611","post","type-post","status-publish","format-standard","has-post-thumbnail","hentry","category-destacadas","category-internacionales"],"_links":{"self":[{"href":"https:\/\/entretormentas.com\/index.php?rest_route=\/wp\/v2\/posts\/20611","targetHints":{"allow":["GET"]}}],"collection":[{"href":"https:\/\/entretormentas.com\/index.php?rest_route=\/wp\/v2\/posts"}],"about":[{"href":"https:\/\/entretormentas.com\/index.php?rest_route=\/wp\/v2\/types\/post"}],"author":[{"embeddable":true,"href":"https:\/\/entretormentas.com\/index.php?rest_route=\/wp\/v2\/users\/2"}],"replies":[{"embeddable":true,"href":"https:\/\/entretormentas.com\/index.php?rest_route=%2Fwp%2Fv2%2Fcomments&post=20611"}],"version-history":[{"count":1,"href":"https:\/\/entretormentas.com\/index.php?rest_route=\/wp\/v2\/posts\/20611\/revisions"}],"predecessor-version":[{"id":20614,"href":"https:\/\/entretormentas.com\/index.php?rest_route=\/wp\/v2\/posts\/20611\/revisions\/20614"}],"wp:featuredmedia":[{"embeddable":true,"href":"https:\/\/entretormentas.com\/index.php?rest_route=\/wp\/v2\/media\/20613"}],"wp:attachment":[{"href":"https:\/\/entretormentas.com\/index.php?rest_route=%2Fwp%2Fv2%2Fmedia&parent=20611"}],"wp:term":[{"taxonomy":"category","embeddable":true,"href":"https:\/\/entretormentas.com\/index.php?rest_route=%2Fwp%2Fv2%2Fcategories&post=20611"},{"taxonomy":"post_tag","embeddable":true,"href":"https:\/\/entretormentas.com\/index.php?rest_route=%2Fwp%2Fv2%2Ftags&post=20611"}],"curies":[{"name":"wp","href":"https:\/\/api.w.org\/{rel}","templated":true}]}}